{"id":6649,"date":"2024-07-02T14:03:16","date_gmt":"2024-07-02T18:03:16","guid":{"rendered":"https:\/\/jornaloalvorada.com.br\/site\/?p=6649"},"modified":"2024-07-02T14:03:18","modified_gmt":"2024-07-02T18:03:18","slug":"fogo-no-pantanal-em-julho-ja-se-aproxima-do-registrado-no-mes-em-2023","status":"publish","type":"post","link":"https:\/\/jornaloalvorada.com.br\/site\/2024\/07\/02\/fogo-no-pantanal-em-julho-ja-se-aproxima-do-registrado-no-mes-em-2023\/","title":{"rendered":"Fogo no Pantanal em julho j\u00e1 se aproxima do registrado no m\u00eas em 2023"},"content":{"rendered":"\n<p>O n\u00famero de focos de inc\u00eandio no Pantanal registrados ontem, 1\u00ba de julho de 2024, se aproximou do total contabilizado em todo o m\u00eas no ano passado. Foram 110 pontos de fogo registrados neste ano, ante 126 em julho de 2023. Os dados s\u00e3o do sistema <a href=\"https:\/\/terrabrasilis.dpi.inpe.br\/queimadas\/portal\/\" target=\"_blank\" rel=\"noreferrer noopener\">Queimadas<\/a>, do Inpe (Instituto Nacional de Pesquisas Espaciais).<\/p>\n\n\n\n<p>Em junho, o&nbsp;Pantanal teve o <a href=\"https:\/\/www.poder360.com.br\/meio-ambiente\/pantanal-tem-o-maior-numero-de-focos-de-incendio-em-junho-desde-2005\/\" target=\"_blank\" rel=\"noreferrer noopener\">maior<\/a> n\u00famero de focos de inc\u00eandio desde 2005. Foram 2.639 registros. Representa um salto de 506% no comparativo entre os 2 piores anos at\u00e9 ent\u00e3o, 2005 (435 focos) e 2020 (406 focos).<\/p>\n\n\n\n<p>At\u00e9 o momento, 3.648 focos de inc\u00eandio j\u00e1 foram detectados no Pantanal em 2024. \u00c9 o ano com maior registro de pontos de queimadas no bioma at\u00e9 o 1\u00ba de julho desde 1998, in\u00edcio da s\u00e9rie hist\u00f3rica do Inpe.<\/p>\n\n\n\n<p>At\u00e9 1\u00ba de julho, 712.075 hectares do Pantanal pegaram fogo, segundo o <a href=\"https:\/\/alarmes.lasa.ufrj.br\/\" target=\"_blank\" rel=\"noreferrer noopener\">Lasa\/UFRJ<\/a> (Laborat\u00f3rio de Aplica\u00e7\u00f5es de Sat\u00e9lites Ambientais do Departamento de Meteorologia da Universidade Federal do Rio de Janeiro). A \u00e1rea queimada equivale a 4,72% do bioma.<\/p>\n\n\n\n<p>O n\u00famero representa 19,77% do total incendiado em 2020, pior ano de queimadas no bioma, quando 3,6 milh\u00f5es de hectares pegaram fogo.<\/p>\n\n\n\n<p><strong><em>Fonte: Poder360<\/em><\/strong><\/p>\n","protected":false},"excerpt":{"rendered":"<p>O n\u00famero de focos de inc\u00eandio no Pantanal registrados ontem, 1\u00ba de julho de 2024, se aproximou do total contabilizado<\/p>\n","protected":false},"author":1,"featured_media":6650,"comment_status":"open","ping_status":"open","sticky":false,"template":"","format":"standard","meta":{"footnotes":""},"categories":[2],"tags":[],"class_list":["post-6649","post","type-post","status-publish","format-standard","has-post-thumbnail","hentry","category-noticias"],"_links":{"self":[{"href":"https:\/\/jornaloalvorada.com.br\/site\/wp-json\/wp\/v2\/posts\/6649","targetHints":{"allow":["GET"]}}],"collection":[{"href":"https:\/\/jornaloalvorada.com.br\/site\/wp-json\/wp\/v2\/posts"}],"about":[{"href":"https:\/\/jornaloalvorada.com.br\/site\/wp-json\/wp\/v2\/types\/post"}],"author":[{"embeddable":true,"href":"https:\/\/jornaloalvorada.com.br\/site\/wp-json\/wp\/v2\/users\/1"}],"replies":[{"embeddable":true,"href":"https:\/\/jornaloalvorada.com.br\/site\/wp-json\/wp\/v2\/comments?post=6649"}],"version-history":[{"count":1,"href":"https:\/\/jornaloalvorada.com.br\/site\/wp-json\/wp\/v2\/posts\/6649\/revisions"}],"predecessor-version":[{"id":6651,"href":"https:\/\/jornaloalvorada.com.br\/site\/wp-json\/wp\/v2\/posts\/6649\/revisions\/6651"}],"wp:featuredmedia":[{"embeddable":true,"href":"https:\/\/jornaloalvorada.com.br\/site\/wp-json\/wp\/v2\/media\/6650"}],"wp:attachment":[{"href":"https:\/\/jornaloalvorada.com.br\/site\/wp-json\/wp\/v2\/media?parent=6649"}],"wp:term":[{"taxonomy":"category","embeddable":true,"href":"https:\/\/jornaloalvorada.com.br\/site\/wp-json\/wp\/v2\/categories?post=6649"},{"taxonomy":"post_tag","embeddable":true,"href":"https:\/\/jornaloalvorada.com.br\/site\/wp-json\/wp\/v2\/tags?post=6649"}],"curies":[{"name":"wp","href":"https:\/\/api.w.org\/{rel}","templated":true}]}}