{"id":6645,"date":"2024-07-02T08:34:43","date_gmt":"2024-07-02T12:34:43","guid":{"rendered":"https:\/\/jornaloalvorada.com.br\/site\/?p=6645"},"modified":"2024-07-02T08:34:46","modified_gmt":"2024-07-02T12:34:46","slug":"detran-informa-julho-e-o-prazo-para-licenciamentos-de-veiculos-com-placa-de-final-6","status":"publish","type":"post","link":"https:\/\/jornaloalvorada.com.br\/site\/2024\/07\/02\/detran-informa-julho-e-o-prazo-para-licenciamentos-de-veiculos-com-placa-de-final-6\/","title":{"rendered":"Detran informa: julho \u00e9 o prazo para licenciamentos de ve\u00edculos com placa de final 6"},"content":{"rendered":"\n<p>Propriet\u00e1rios de mais de 33 mil ve\u00edculos com final de placa 6 em Mato Grosso do Sul devem ficar atentos e verificar o vencimento do licenciamento neste m\u00eas de julho. O prazo limite para o pagamento dentro do prazo \u00e9 dia 31 de julho e deve ser feito junto ao Detran-MS (Departamento Estadual de Tr\u00e2nsito).<\/p>\n\n\n\n<p>O Detran-MS alerta para que o cidad\u00e3o tenha aten\u00e7\u00e3o as fraudes de golpes. O licenciamento 2024 deve ser pago por guias emitidas pelo portal Meu Detran no endere\u00e7o <a href=\"http:\/\/www.meudetran.ms.gov.br\">www.meudetran.ms.gov.br<\/a>, pelo aplicativo Detran MS ou ainda em qualquer ag\u00eancia do Detran-MS no Estado.<\/p>\n\n\n\n<p>Ap\u00f3s o cidad\u00e3o pagar o licenciamento, deve verificar no aplicativo CDT se foi atualizado para o ano de exerc\u00edcio 2024 o CRLV (Certificado de Registro e Licenciamento de Ve\u00edculo), no caso de pagamento digital. No caso de ir em uma ag\u00eancia e procurar o atendimento presencial, o cliente deve voltar a ag\u00eancia e conferir se est\u00e1 atualizado.<\/p>\n\n\n\n<p>Vale ressaltar que o porte do CRLV \u00e9 obrigat\u00f3rio e deve ser apresentado sempre que solicitado pela autoridade de tr\u00e2nsito, seja o documento f\u00edsico ou digital.<\/p>\n\n\n\n<p>A taxa de licenciamento 2024 \u00e9 de R$ 221,24 paga dentro do prazo, mas pode variar conforme a Uferms (Unidade Fiscal Estadual de Refer\u00eancia de Mato Grosso do Sul). Ap\u00f3s o dia 31 de julho, o valor da taxa \u00e9 de R$ 284,70.<\/p>\n\n\n\n<p>J\u00e1 em caso de ser flagrado sem estar com o ve\u00edculo licenciado, o motorista comete uma infra\u00e7\u00e3o grav\u00edssima, conforme o art. 230 do C\u00f3digo de Tr\u00e2nsito Brasileiro (CTB), perde 7 pontos na Carteira Nacional de Habilita\u00e7\u00e3o (CNH) e multa no valor de R$ 293,47 al\u00e9m de ter o ve\u00edculo removido ao p\u00e1tio at\u00e9 a regulariza\u00e7\u00e3o do documento.<\/p>\n\n\n\n<p><em>Rodrigo Maia, Comunica\u00e7\u00e3o Detran-MS<br><\/em><em>Foto: Detran-MS<\/em><\/p>\n","protected":false},"excerpt":{"rendered":"<p>Propriet\u00e1rios de mais de 33 mil ve\u00edculos com final de placa 6 em Mato Grosso do Sul devem ficar atentos<\/p>\n","protected":false},"author":1,"featured_media":6646,"comment_status":"open","ping_status":"open","sticky":false,"template":"","format":"standard","meta":{"footnotes":""},"categories":[2],"tags":[],"class_list":["post-6645","post","type-post","status-publish","format-standard","has-post-thumbnail","hentry","category-noticias"],"_links":{"self":[{"href":"https:\/\/jornaloalvorada.com.br\/site\/wp-json\/wp\/v2\/posts\/6645","targetHints":{"allow":["GET"]}}],"collection":[{"href":"https:\/\/jornaloalvorada.com.br\/site\/wp-json\/wp\/v2\/posts"}],"about":[{"href":"https:\/\/jornaloalvorada.com.br\/site\/wp-json\/wp\/v2\/types\/post"}],"author":[{"embeddable":true,"href":"https:\/\/jornaloalvorada.com.br\/site\/wp-json\/wp\/v2\/users\/1"}],"replies":[{"embeddable":true,"href":"https:\/\/jornaloalvorada.com.br\/site\/wp-json\/wp\/v2\/comments?post=6645"}],"version-history":[{"count":1,"href":"https:\/\/jornaloalvorada.com.br\/site\/wp-json\/wp\/v2\/posts\/6645\/revisions"}],"predecessor-version":[{"id":6647,"href":"https:\/\/jornaloalvorada.com.br\/site\/wp-json\/wp\/v2\/posts\/6645\/revisions\/6647"}],"wp:featuredmedia":[{"embeddable":true,"href":"https:\/\/jornaloalvorada.com.br\/site\/wp-json\/wp\/v2\/media\/6646"}],"wp:attachment":[{"href":"https:\/\/jornaloalvorada.com.br\/site\/wp-json\/wp\/v2\/media?parent=6645"}],"wp:term":[{"taxonomy":"category","embeddable":true,"href":"https:\/\/jornaloalvorada.com.br\/site\/wp-json\/wp\/v2\/categories?post=6645"},{"taxonomy":"post_tag","embeddable":true,"href":"https:\/\/jornaloalvorada.com.br\/site\/wp-json\/wp\/v2\/tags?post=6645"}],"curies":[{"name":"wp","href":"https:\/\/api.w.org\/{rel}","templated":true}]}}