{"id":6643,"date":"2024-07-02T08:29:33","date_gmt":"2024-07-02T12:29:33","guid":{"rendered":"https:\/\/jornaloalvorada.com.br\/site\/?p=6643"},"modified":"2024-07-02T08:29:36","modified_gmt":"2024-07-02T12:29:36","slug":"com-terca-feira-fria-e-seca-tempo-permanece-estavel-em-mato-grosso-do-sul","status":"publish","type":"post","link":"https:\/\/jornaloalvorada.com.br\/site\/2024\/07\/02\/com-terca-feira-fria-e-seca-tempo-permanece-estavel-em-mato-grosso-do-sul\/","title":{"rendered":"Com ter\u00e7a-feira fria e seca, tempo permanece est\u00e1vel em Mato Grosso do Sul"},"content":{"rendered":"\n<p>A previs\u00e3o do Cemtec (Centro de Monitoramento do Tempo e do Clima) indica tempo est\u00e1vel, com sol e poucas nuvens nesta ter\u00e7a-feira (2). Al\u00e9m disso, o tempo permanece seco devido a atua\u00e7\u00e3o de uma massa de ar fria e seca, impulsionada por um sistema de alta press\u00e3o.<\/p>\n\n\n\n<p>A umidade relativa do ar varia entre 15% e 30%, por isso, recomenda-se beber bastante l\u00edquido, umidificar os ambientes e evitar exposi\u00e7\u00e3o ao sol nos hor\u00e1rios mais quentes e secos do dia. Ainda, devido ao ambiente atmosf\u00e9rico prop\u00edcio para ocorr\u00eancia de inc\u00eandios florestais, a orienta\u00e7\u00e3o \u00e9 que a popula\u00e7\u00e3o n\u00e3o coloque fogo em nenhuma situa\u00e7\u00e3o.<\/p>\n\n\n\n<p>Em Campo Grande, a m\u00ednima prevista \u00e9 de 17\u00b0C e a m\u00e1xima de 29\u00b0C. Os term\u00f4metros em Dourados marcam 14\u00b0C inicialmente e chegam aos 29\u00b0C ao longo do dia. Ponta Por\u00e3, na regi\u00e3o Sul-Fronteira, apresenta varia\u00e7\u00e3o entre 14\u00b0C e 27\u00b0C. No leste do Estado, a m\u00ednima em Anauril\u00e2ndia \u00e9 de 15\u00b0C e a m\u00e1xima de 29\u00b0C.<\/p>\n\n\n\n<p>Na regi\u00e3o do Bols\u00e3o, Parana\u00edba e Tr\u00eas Lagoas atingem 31\u00b0C nos hor\u00e1rios mais quentes, com m\u00ednimas de 16\u00b0C e 17\u00b0C, respectivamente. Em Coxim, no norte, a m\u00ednima \u00e9 de 16\u00b0C e a m\u00e1xima de 33\u00b0C.<\/p>\n\n\n\n<p>Corumb\u00e1, no Pantanal, tem m\u00ednima de 19\u00b0C e m\u00e1xima de 32\u00b0C; em Aquidauana, na mesma regi\u00e3o, os valores variam entre 15\u00b0C e 32\u00b0C. Na regi\u00e3o sudoeste, Porto Murtinho amanhece com 16\u00b0C e registra 32\u00b0C \u00e0 tarde.<\/p>\n\n\n\n<figure class=\"wp-block-image\"><a href=\"https:\/\/agenciadenoticias.ms.gov.br\/wp-content\/uploads\/2024\/07\/Mapa-Previsao-02-07-24.jpeg\"><img decoding=\"async\" src=\"https:\/\/agenciadenoticias.ms.gov.br\/wp-content\/uploads\/2024\/07\/Mapa-Previsao-02-07-24-1024x724.jpeg\" alt=\"\"\/><\/a><\/figure>\n\n\n\n<p><em>Heloisa Duim, Programa de Est\u00e1gio Supervisionado<br>Foto: \u00c1lvaro Rezende<\/em><\/p>\n","protected":false},"excerpt":{"rendered":"<p>A previs\u00e3o do Cemtec (Centro de Monitoramento do Tempo e do Clima) indica tempo est\u00e1vel, com sol e poucas nuvens<\/p>\n","protected":false},"author":1,"featured_media":2111,"comment_status":"open","ping_status":"open","sticky":false,"template":"","format":"standard","meta":{"footnotes":""},"categories":[2],"tags":[],"class_list":["post-6643","post","type-post","status-publish","format-standard","has-post-thumbnail","hentry","category-noticias"],"_links":{"self":[{"href":"https:\/\/jornaloalvorada.com.br\/site\/wp-json\/wp\/v2\/posts\/6643","targetHints":{"allow":["GET"]}}],"collection":[{"href":"https:\/\/jornaloalvorada.com.br\/site\/wp-json\/wp\/v2\/posts"}],"about":[{"href":"https:\/\/jornaloalvorada.com.br\/site\/wp-json\/wp\/v2\/types\/post"}],"author":[{"embeddable":true,"href":"https:\/\/jornaloalvorada.com.br\/site\/wp-json\/wp\/v2\/users\/1"}],"replies":[{"embeddable":true,"href":"https:\/\/jornaloalvorada.com.br\/site\/wp-json\/wp\/v2\/comments?post=6643"}],"version-history":[{"count":1,"href":"https:\/\/jornaloalvorada.com.br\/site\/wp-json\/wp\/v2\/posts\/6643\/revisions"}],"predecessor-version":[{"id":6644,"href":"https:\/\/jornaloalvorada.com.br\/site\/wp-json\/wp\/v2\/posts\/6643\/revisions\/6644"}],"wp:featuredmedia":[{"embeddable":true,"href":"https:\/\/jornaloalvorada.com.br\/site\/wp-json\/wp\/v2\/media\/2111"}],"wp:attachment":[{"href":"https:\/\/jornaloalvorada.com.br\/site\/wp-json\/wp\/v2\/media?parent=6643"}],"wp:term":[{"taxonomy":"category","embeddable":true,"href":"https:\/\/jornaloalvorada.com.br\/site\/wp-json\/wp\/v2\/categories?post=6643"},{"taxonomy":"post_tag","embeddable":true,"href":"https:\/\/jornaloalvorada.com.br\/site\/wp-json\/wp\/v2\/tags?post=6643"}],"curies":[{"name":"wp","href":"https:\/\/api.w.org\/{rel}","templated":true}]}}