{"id":6573,"date":"2024-06-25T15:33:57","date_gmt":"2024-06-25T19:33:57","guid":{"rendered":"https:\/\/jornaloalvorada.com.br\/site\/?p=6573"},"modified":"2024-06-25T15:33:59","modified_gmt":"2024-06-25T19:33:59","slug":"stf-tem-maioria-para-descriminalizar-porte-de-maconha-para-uso-pessoal","status":"publish","type":"post","link":"https:\/\/jornaloalvorada.com.br\/site\/2024\/06\/25\/stf-tem-maioria-para-descriminalizar-porte-de-maconha-para-uso-pessoal\/","title":{"rendered":"STF tem maioria para descriminalizar porte de maconha para uso pessoal"},"content":{"rendered":"\n<p>O ministro Dias Toffoli, do Supremo Tribunal Federal (STF), votou\u00a0a favor da descriminaliza\u00e7\u00e3o do porte de maconha para uso pessoal. Com isso, a Corte\u00a0formou maioria de 6 votos a 3 pela descriminaliza\u00e7\u00e3o.\u00a0O julgamento do caso foi retomado nesta tarde.<\/p>\n\n\n\n<p>Na sess\u00e3o anterior, na semana passada, Toffoli afirmou que <a href=\"http:\/\/agenciabrasil.ebc.com.br\/justica\/noticia\/2024-06\/stf-tem-cinco-votos-para-descriminalizar-porte-de-maconha-para-consumo\" target=\"_blank\" rel=\"noreferrer noopener\">seu voto era uma terceira via<\/a>. Nesta ter\u00e7a-feira (25), o ministro esclareceu que sua manifesta\u00e7\u00e3o faz parte da maioria dos votos proferidos.<\/p>\n\n\n\n<p>No in\u00edcio da sess\u00e3o de hoje, ele&nbsp;reafirmou posicionamento pela constitucionalidade da Lei de Drogas (Lei 11.343\/2006), norma que deixou de prever a pena de pris\u00e3o, mas manteve penas alternativas de presta\u00e7\u00e3o de servi\u00e7os \u00e0 comunidade, advert\u00eancia sobre os efeitos das drogas e comparecimento obrigat\u00f3rio a curso educativo.<\/p>\n\n\n\n<p>Para Toffoli, a lei n\u00e3o tem natureza penal desde sua edi\u00e7\u00e3o, em 2006. Segundo o ministro, uma lei de 1976 previa a criminaliza\u00e7\u00e3o e foi superada pela Lei de Drogas.<\/p>\n\n\n\n<p>&#8220;Nenhum usu\u00e1rio de nenhuma droga pode ser criminalizado. O objetivo da lei de 2006 foi descriminalizar todos os usu\u00e1rios de drogas&#8221;, afirmou.<\/p>\n\n\n\n<p>O ministro tamb\u00e9m defendeu que o Congresso e \u00f3rg\u00e3os do Executivo, como a Ag\u00eancia Nacional de Vigil\u00e2ncia Sanit\u00e1ria (Anvisa) e os minist\u00e9rios da Justi\u00e7a e Seguran\u00e7a P\u00fablica;&nbsp;da Educa\u00e7\u00e3o; e do Trabalho e Emprego, estabele\u00e7am, no prazo de 18 meses, pol\u00edticas p\u00fablicas para definir uma quantidade de maconha para diferenciar usu\u00e1rios e traficantes, al\u00e9m da produ\u00e7\u00e3o de campanhas educativas sobre os malef\u00edcios sobre o uso de drogas.<\/p>\n\n\n\n<p>A sess\u00e3o continua para a tomada dos dois \u00faltimos votos, que ser\u00e3o proferidos pelos ministros Luiz Fux e C\u00e1rmen L\u00facia.<\/p>\n\n\n\n<p><strong><em>Fonte: Ag\u00eancia Brasil<\/em><\/strong><\/p>\n","protected":false},"excerpt":{"rendered":"<p>O ministro Dias Toffoli, do Supremo Tribunal Federal (STF), votou\u00a0a favor da descriminaliza\u00e7\u00e3o do porte de maconha para uso pessoal.<\/p>\n","protected":false},"author":1,"featured_media":6574,"comment_status":"open","ping_status":"open","sticky":false,"template":"","format":"standard","meta":{"footnotes":""},"categories":[2],"tags":[],"class_list":["post-6573","post","type-post","status-publish","format-standard","has-post-thumbnail","hentry","category-noticias"],"_links":{"self":[{"href":"https:\/\/jornaloalvorada.com.br\/site\/wp-json\/wp\/v2\/posts\/6573","targetHints":{"allow":["GET"]}}],"collection":[{"href":"https:\/\/jornaloalvorada.com.br\/site\/wp-json\/wp\/v2\/posts"}],"about":[{"href":"https:\/\/jornaloalvorada.com.br\/site\/wp-json\/wp\/v2\/types\/post"}],"author":[{"embeddable":true,"href":"https:\/\/jornaloalvorada.com.br\/site\/wp-json\/wp\/v2\/users\/1"}],"replies":[{"embeddable":true,"href":"https:\/\/jornaloalvorada.com.br\/site\/wp-json\/wp\/v2\/comments?post=6573"}],"version-history":[{"count":1,"href":"https:\/\/jornaloalvorada.com.br\/site\/wp-json\/wp\/v2\/posts\/6573\/revisions"}],"predecessor-version":[{"id":6575,"href":"https:\/\/jornaloalvorada.com.br\/site\/wp-json\/wp\/v2\/posts\/6573\/revisions\/6575"}],"wp:featuredmedia":[{"embeddable":true,"href":"https:\/\/jornaloalvorada.com.br\/site\/wp-json\/wp\/v2\/media\/6574"}],"wp:attachment":[{"href":"https:\/\/jornaloalvorada.com.br\/site\/wp-json\/wp\/v2\/media?parent=6573"}],"wp:term":[{"taxonomy":"category","embeddable":true,"href":"https:\/\/jornaloalvorada.com.br\/site\/wp-json\/wp\/v2\/categories?post=6573"},{"taxonomy":"post_tag","embeddable":true,"href":"https:\/\/jornaloalvorada.com.br\/site\/wp-json\/wp\/v2\/tags?post=6573"}],"curies":[{"name":"wp","href":"https:\/\/api.w.org\/{rel}","templated":true}]}}