{"id":6566,"date":"2024-06-25T08:19:33","date_gmt":"2024-06-25T12:19:33","guid":{"rendered":"https:\/\/jornaloalvorada.com.br\/site\/?p=6566"},"modified":"2024-06-25T08:19:36","modified_gmt":"2024-06-25T12:19:36","slug":"junho-prata-traz-governo-federal-a-ms-para-discutir-enfrentamento-a-violencia-contra-a-pessoa-idosa","status":"publish","type":"post","link":"https:\/\/jornaloalvorada.com.br\/site\/2024\/06\/25\/junho-prata-traz-governo-federal-a-ms-para-discutir-enfrentamento-a-violencia-contra-a-pessoa-idosa\/","title":{"rendered":"Junho Prata traz Governo Federal a MS para discutir enfrentamento \u00e0 viol\u00eancia contra a pessoa idosa"},"content":{"rendered":"\n<p>O Minist\u00e9rio de Direitos Humanos e da Cidadania vem a Mato Grosso do Sul discutir o enfrentamento \u00e0 viol\u00eancia contra a pessoa idosa nesta quarta-feira (26), em Campo Grande. Ser\u00e3o dois momentos de palestras com o secret\u00e1rio nacional dos Direitos da Pessoa Idosa, Alexandre da Silva, e o presidente do Conselho Nacional Pessoa Idosa, Raphael Castelo Branco.&nbsp;<\/p>\n\n\n\n<p>Pela manh\u00e3, haver\u00e1 o di\u00e1logo transversal entre conselheiros e gestoras com o tema \u201cViol\u00eancia contra a Mulher Idosa e Controle Social\u201d, na Escola Superior da Defensoria P\u00fablica do Estado de MS, a partir das 8h. O evento \u00e9 uma parceria da Subsecretaria de Pol\u00edticas P\u00fablicas para Pessoa Idosa juntamente com as Mulheres, e a Defensoria P\u00fablica de MS.<\/p>\n\n\n\n<figure class=\"wp-block-image\" id=\"attachment_480979\"><img decoding=\"async\" src=\"https:\/\/agenciadenoticias.ms.gov.br\/wp-content\/uploads\/2024\/06\/Junho-Prata-visita-secretario-nacional-Alexandre-da-Silva-a-MS-1-1024x768.jpg\" alt=\"\" class=\"wp-image-480979\"\/><figcaption class=\"wp-element-caption\">Secret\u00e1rio Nacional vem a MS discutir com gestores e conselheiros a pol\u00edtica p\u00fablica para a pessoa idosa. (Foto: Matheus Carvalho)<\/figcaption><\/figure>\n\n\n\n<p>J\u00e1 durante a tarde, a agenda ser\u00e1 na Assembleia Legislativa, dentro do 9\u00ba Semin\u00e1rio Estadual de Enfrentamento \u00e0 Viol\u00eancia Contra a Pessoa Idosa. A iniciativa \u00e9 da Subsecretaria de Pol\u00edticas P\u00fablicas para a Pessoa Idosa e da Frente Parlamentar em Defesa dos Direitos da Pessoa Idosa, da Assembleia Legislativa de MS, e faz parte do calend\u00e1rio de a\u00e7\u00f5es do Junho Prata.&nbsp;<\/p>\n\n\n\n<p>Secret\u00e1rio Nacional dos Direitos da Pessoa Idosa, Alexandre Silva, explica que a vinda at\u00e9 Campo Grande \u00e9 para apresentar as propostas e tamb\u00e9m ouvir todos os segmentos que atuam na defesa dos direitos da pessoa idosa.<\/p>\n\n\n\n<p>\u201cEspero que conselheiros, gestores, parlamentares, pessoas idosas e representantes da sociedade civil possam estar conosco. A ideia \u00e9 fazer a constru\u00e7\u00e3o coletiva para chegarmos a bons encaminhamentos sobre como deve ser o envelhecimento da popula\u00e7\u00e3o de Mato Grosso do Sul\u201d, frisa o secret\u00e1rio nacional.&nbsp;<\/p>\n\n\n\n<p>Neste momento em que o pa\u00eds se mobiliza para falar sobre o envelhecimento, Alexandre Silva fala que a a\u00e7\u00e3o deve ser permanente.&nbsp;<\/p>\n\n\n\n<p>\u201cInfelizmente, a viol\u00eancia ainda acaba acontecendo de uma forma muito recorrente e muitas vezes ganhando outras formas de manifesta\u00e7\u00e3o, destacando aqui o que afeta muitas pessoas idosas, que s\u00e3o as viol\u00eancias financeiras e patrimoniais e as outras que j\u00e1 existem, ent\u00e3o espero que todos os munic\u00edpios possam estar mobilizados para poder de fato criar a\u00e7\u00f5es mais efetivas e que possam ser percebidas pelas pessoas idosas que sofrem essas viol\u00eancias\u201d.<\/p>\n\n\n\n<p>Para o presidente do Conselho Nacional Pessoa Idosa, Raphael Castelo Branco, este ser\u00e1 o momento de reunir todos os que lutam pela pauta.<\/p>\n\n\n\n<p>\u201cVamos pensar alternativas e a\u00e7\u00f5es que possam ser tomadas para que a gente fortale\u00e7a essa pol\u00edtica. Estaremos reunidos com toda a sociedade civil discutindo as potencialidades e os desafios que temos para tornar nossa sociedade mais amig\u00e1vel, de maior respeito, e sobretudo, de maior valoriza\u00e7\u00e3o da pessoa idosa\u201d, resume.<\/p>\n\n\n\n<h4 class=\"wp-block-heading\"><strong>Junho Prata<\/strong><\/h4>\n\n\n\n<figure class=\"wp-block-image\" id=\"attachment_480981\"><img decoding=\"async\" src=\"https:\/\/agenciadenoticias.ms.gov.br\/wp-content\/uploads\/2024\/06\/Junho-Prata-visita-secretario-nacional-Alexandre-da-Silva-a-MS-3-1024x768.jpg\" alt=\"\" class=\"wp-image-480981\"\/><figcaption class=\"wp-element-caption\">Subsecret\u00e1ria de Pol\u00edticas P\u00fablicas para Pessoa Idosa, Zirleide Barbosa, na abertura de evento que trouxe secret\u00e1rio nacional a MS em 2023. (Foto: Matheus Carvalho)<\/figcaption><\/figure>\n\n\n\n<p>Em Mato Grosso do Sul, a campanha de enfrentamento \u00e0 viol\u00eancia contra a pessoa idosa leva o nome de Junho Prata, levando em considera\u00e7\u00e3o a cor dos cabelos.&nbsp;<\/p>\n\n\n\n<p>Institu\u00eddo pela Lei Estadual 5.215\/2018, o Junho Prata \u00e9 o m\u00eas escolhido para reflex\u00e3o sobre os cuidados e o acolhimento que a sociedade deve ter com a pessoa idosa.&nbsp;<\/p>\n\n\n\n<p>Desde ent\u00e3o, o sexto m\u00eas do ano re\u00fane Governo do Estado, atrav\u00e9s da Secretaria de Estado da Cidadania; Assembleia Legislativa, pela Frente Parlamentar em Defesa dos Direitos da Pessoa Idosa; UEMS e demais parceiros na constru\u00e7\u00e3o das pol\u00edticas p\u00fablicas de preven\u00e7\u00e3o e enfrentamento \u00e0s viol\u00eancias.<\/p>\n\n\n\n<p>Para a subsecret\u00e1ria de Pol\u00edticas P\u00fablicas para a Pessoa Idosa, Zirleide Barbosa, a presen\u00e7a do secret\u00e1rio nacional \u00e9 fundamental dentro da intensa programa\u00e7\u00e3o de a\u00e7\u00f5es referentes ao Junho Prata.<\/p>\n\n\n\n<h4 class=\"wp-block-heading\"><strong>Programa\u00e7\u00e3o<\/strong><\/h4>\n\n\n\n<p>Data: 26 de junho de 2024<br>Hor\u00e1rio: 08h<br>Local: Escola Superior da Defensoria P\u00fablica do Estado do Mato Grosso do Sul &#8211; R. Raul P\u00edres Barbosa, 1464 &#8211; Vila Manoel da Costa Lima, Campo Grande \u2013 MS<\/p>\n\n\n\n<p>Inscri\u00e7\u00f5es pelo <a href=\"https:\/\/docs.google.com\/forms\/d\/e\/1FAIpQLSe_9G2SZXLDXgXphGIvgmWIsNkFErtLQh4KqwweWKw8jAFz7w\/viewform\">link<\/a>.<\/p>\n\n\n\n<figure class=\"wp-block-image\" id=\"attachment_451601\"><img decoding=\"async\" src=\"https:\/\/agenciadenoticias.ms.gov.br\/wp-content\/uploads\/2023\/09\/WhatsApp-Image-2023-09-26-at-17.49.38-1-1024x683.jpeg\" alt=\"\" class=\"wp-image-451601\"\/><figcaption class=\"wp-element-caption\">Trovadora, dona Terezinha recita versos em evento do Junho Prata na Assembleia Legislativa de MS. (Foto: Wagner Guimar\u00e3es\/ALMS)<\/figcaption><\/figure>\n\n\n\n<p><strong>Semin\u00e1rio Estadual<\/strong><\/p>\n\n\n\n<p>O 9\u00ba Semin\u00e1rio Estadual de Enfrentamento \u00e0 Viol\u00eancia Contra a Pessoa Idosa ser\u00e1 realizado no dia 26 de junho, a partir das 13h30, na Assembleia Legislativa de Mato Grosso do Sul.<\/p>\n\n\n\n<p>13h30 &#8211; Abertura e composi\u00e7\u00e3o da mesa de autoridades<br>13h40 &#8211; Apresenta\u00e7\u00e3o cultural<\/p>\n\n\n\n<p>14h &#8211; Palestra \u201cProgramas, projetos e a\u00e7\u00f5es da Secretaria Nacional de Prote\u00e7\u00e3o aos Direitos da Pessoa Idosa para o enfrentamento \u00e0s viol\u00eancias, com o secret\u00e1rio nacional Alexandre Silva, do Minist\u00e9rio dos Direitos Humanos e da Cidadania<\/p>\n\n\n\n<p>14h40 &#8211; Palestra \u201cEnvelhecimento com dignidade: o papel transformador do Fundo Nacional da Pessoa Idosa na constru\u00e7\u00e3o de uma sociedade inclusiva e as diretrizes emergentes das Confer\u00eancias de 2024, com o presidente do Conselho Nacional da Pessoa Idosa, Raphael Castelo Branco<\/p>\n\n\n\n<p>15h20 &#8211; Intervalo<\/p>\n\n\n\n<p>15h40 &#8211; Mesa redonda com a Frente Parlamentar em Defesa dos Direitos da Pessoa Idosa, Subsecretaria de Pol\u00edticas P\u00fablicas para Pessoa Idosa, Secretaria Nacional de Prote\u00e7\u00e3o aos Direitos da Pessoa Idosa e Conselho Nacional da Pessoa Idosa.<\/p>\n\n\n\n<p>A entrada \u00e9 gratuita e voc\u00ea pode se inscrever pelo <a href=\"https:\/\/forms.gle\/6NSCoo3WaDmATAEi9\">link.<\/a><\/p>\n\n\n\n<p><em>Paula Maciulevicius, Comunica\u00e7\u00e3o da Cidadania.<\/em><\/p>\n","protected":false},"excerpt":{"rendered":"<p>O Minist\u00e9rio de Direitos Humanos e da Cidadania vem a Mato Grosso do Sul discutir o enfrentamento \u00e0 viol\u00eancia contra<\/p>\n","protected":false},"author":1,"featured_media":6567,"comment_status":"open","ping_status":"open","sticky":false,"template":"","format":"standard","meta":{"footnotes":""},"categories":[2],"tags":[],"class_list":["post-6566","post","type-post","status-publish","format-standard","has-post-thumbnail","hentry","category-noticias"],"_links":{"self":[{"href":"https:\/\/jornaloalvorada.com.br\/site\/wp-json\/wp\/v2\/posts\/6566","targetHints":{"allow":["GET"]}}],"collection":[{"href":"https:\/\/jornaloalvorada.com.br\/site\/wp-json\/wp\/v2\/posts"}],"about":[{"href":"https:\/\/jornaloalvorada.com.br\/site\/wp-json\/wp\/v2\/types\/post"}],"author":[{"embeddable":true,"href":"https:\/\/jornaloalvorada.com.br\/site\/wp-json\/wp\/v2\/users\/1"}],"replies":[{"embeddable":true,"href":"https:\/\/jornaloalvorada.com.br\/site\/wp-json\/wp\/v2\/comments?post=6566"}],"version-history":[{"count":1,"href":"https:\/\/jornaloalvorada.com.br\/site\/wp-json\/wp\/v2\/posts\/6566\/revisions"}],"predecessor-version":[{"id":6568,"href":"https:\/\/jornaloalvorada.com.br\/site\/wp-json\/wp\/v2\/posts\/6566\/revisions\/6568"}],"wp:featuredmedia":[{"embeddable":true,"href":"https:\/\/jornaloalvorada.com.br\/site\/wp-json\/wp\/v2\/media\/6567"}],"wp:attachment":[{"href":"https:\/\/jornaloalvorada.com.br\/site\/wp-json\/wp\/v2\/media?parent=6566"}],"wp:term":[{"taxonomy":"category","embeddable":true,"href":"https:\/\/jornaloalvorada.com.br\/site\/wp-json\/wp\/v2\/categories?post=6566"},{"taxonomy":"post_tag","embeddable":true,"href":"https:\/\/jornaloalvorada.com.br\/site\/wp-json\/wp\/v2\/tags?post=6566"}],"curies":[{"name":"wp","href":"https:\/\/api.w.org\/{rel}","templated":true}]}}