{"id":6563,"date":"2024-06-25T08:18:23","date_gmt":"2024-06-25T12:18:23","guid":{"rendered":"https:\/\/jornaloalvorada.com.br\/site\/?p=6563"},"modified":"2024-06-25T08:18:26","modified_gmt":"2024-06-25T12:18:26","slug":"avanco-de-frente-fria-gera-mudancas-no-tempo-e-terca-feira-tem-aumento-de-nebulosidade-em-ms","status":"publish","type":"post","link":"https:\/\/jornaloalvorada.com.br\/site\/2024\/06\/25\/avanco-de-frente-fria-gera-mudancas-no-tempo-e-terca-feira-tem-aumento-de-nebulosidade-em-ms\/","title":{"rendered":"Avan\u00e7o de frente fria gera mudan\u00e7as no tempo e ter\u00e7a-feira tem aumento de nebulosidade em MS"},"content":{"rendered":"\n<p>Com previs\u00e3o de mudan\u00e7as no tempo durante a semana, esta ter\u00e7a-feira (25) deve ser ensolarada em grande parte do Estado. Al\u00e9m disso, ainda pode ser registrado aumento de nebulosidade e pequena probabilidade de chuvas principalmente nas regi\u00f5es Sudeste, Sul e Sudoeste de Mato Grosso do Sul.<\/p>\n\n\n\n<p>De acordo com o Cemtec (Centro de Monitoramento do Tempo e do Clima), isso ocorre devido a aproxima\u00e7\u00e3o e avan\u00e7o de uma nova frente fria aliada ao transporte de calor e umidade e a atua\u00e7\u00e3o de uma \u00e1rea de baixa press\u00e3o atmosf\u00e9rica.<\/p>\n\n\n\n<p>Em Campo Grande, a m\u00ednima prevista \u00e9 de 20\u00b0C e a m\u00e1xima de 30\u00b0C. Dourados inicia o dia com 19\u00b0C e registra m\u00e1xima semelhante \u00e0 capital. Os valores em Ponta Por\u00e3, na regi\u00e3o Sul-Fronteira, variam entre 15\u00b0C e 25\u00b0C. No Leste, Anauril\u00e2ndia tem 22\u00b0C pela manh\u00e3 e 33\u00b0C \u00e0 tarde.<\/p>\n\n\n\n<p>Na regi\u00e3o do Bols\u00e3o, os term\u00f4metros em Parana\u00edba marcam 18\u00b0C inicialmente e atingem 33\u00b0C ao longo do dia, j\u00e1 Tr\u00eas Lagoas tem m\u00ednima de 21\u00b0C e m\u00e1xima de 34\u00b0C. Em Coxim, no Norte do Estado, a m\u00ednima \u00e9 de 17\u00b0C e a m\u00e1xima chega aos 34\u00b0C.<\/p>\n\n\n\n<p>Corumb\u00e1 e Aquidauana, no Pantanal, apresentam m\u00ednimas semelhantes de 17\u00b0C, com m\u00e1ximas de 28\u00b0C e 31\u00b0C, respectivamente. Na regi\u00e3o Sudoeste, Porto Murtinho amanhece com 16\u00b0C e atinge 21\u00b0C nos hor\u00e1rios mais quentes.<\/p>\n\n\n\n<p><em>Heloisa Duim, Programa de Est\u00e1gio Supervisionado<\/em><br><em>Foto: Bruno Rezende<\/em><\/p>\n","protected":false},"excerpt":{"rendered":"<p>Com previs\u00e3o de mudan\u00e7as no tempo durante a semana, esta ter\u00e7a-feira (25) deve ser ensolarada em grande parte do Estado.<\/p>\n","protected":false},"author":1,"featured_media":6564,"comment_status":"open","ping_status":"open","sticky":false,"template":"","format":"standard","meta":{"footnotes":""},"categories":[2],"tags":[],"class_list":["post-6563","post","type-post","status-publish","format-standard","has-post-thumbnail","hentry","category-noticias"],"_links":{"self":[{"href":"https:\/\/jornaloalvorada.com.br\/site\/wp-json\/wp\/v2\/posts\/6563","targetHints":{"allow":["GET"]}}],"collection":[{"href":"https:\/\/jornaloalvorada.com.br\/site\/wp-json\/wp\/v2\/posts"}],"about":[{"href":"https:\/\/jornaloalvorada.com.br\/site\/wp-json\/wp\/v2\/types\/post"}],"author":[{"embeddable":true,"href":"https:\/\/jornaloalvorada.com.br\/site\/wp-json\/wp\/v2\/users\/1"}],"replies":[{"embeddable":true,"href":"https:\/\/jornaloalvorada.com.br\/site\/wp-json\/wp\/v2\/comments?post=6563"}],"version-history":[{"count":1,"href":"https:\/\/jornaloalvorada.com.br\/site\/wp-json\/wp\/v2\/posts\/6563\/revisions"}],"predecessor-version":[{"id":6565,"href":"https:\/\/jornaloalvorada.com.br\/site\/wp-json\/wp\/v2\/posts\/6563\/revisions\/6565"}],"wp:featuredmedia":[{"embeddable":true,"href":"https:\/\/jornaloalvorada.com.br\/site\/wp-json\/wp\/v2\/media\/6564"}],"wp:attachment":[{"href":"https:\/\/jornaloalvorada.com.br\/site\/wp-json\/wp\/v2\/media?parent=6563"}],"wp:term":[{"taxonomy":"category","embeddable":true,"href":"https:\/\/jornaloalvorada.com.br\/site\/wp-json\/wp\/v2\/categories?post=6563"},{"taxonomy":"post_tag","embeddable":true,"href":"https:\/\/jornaloalvorada.com.br\/site\/wp-json\/wp\/v2\/tags?post=6563"}],"curies":[{"name":"wp","href":"https:\/\/api.w.org\/{rel}","templated":true}]}}