{"id":6549,"date":"2024-06-24T17:30:28","date_gmt":"2024-06-24T21:30:28","guid":{"rendered":"https:\/\/jornaloalvorada.com.br\/site\/?p=6549"},"modified":"2024-06-24T17:30:30","modified_gmt":"2024-06-24T21:30:30","slug":"prefeito-paleari-recebe-reconhecimento-de-morador-por-otimo-trabalho-desempenhado-da-cidade","status":"publish","type":"post","link":"https:\/\/jornaloalvorada.com.br\/site\/2024\/06\/24\/prefeito-paleari-recebe-reconhecimento-de-morador-por-otimo-trabalho-desempenhado-da-cidade\/","title":{"rendered":"Prefeito Paleari recebe reconhecimento de morador por \u00f3timo trabalho desempenhado da cidade"},"content":{"rendered":"\n<p>Iniciando a semana de muito trabalho, recebendo este v\u00eddeo do Sr. Jorge Ribeiro, mais um morador do nosso munic\u00edpio que est\u00e1 satisfeito com o trabalho da nossa gest\u00e3o.<\/p>\n\n\n\n<iframe loading=\"lazy\" src=\"https:\/\/www.facebook.com\/plugins\/video.php?height=476&#038;href=https%3A%2F%2Fwww.facebook.com%2Fjppaleari%2Fvideos%2F3365272756949585%2F&#038;show_text=false&#038;width=267&#038;t=0\" width=\"267\" height=\"476\" style=\"border:none;overflow:hidden\" scrolling=\"no\" frameborder=\"0\" allowfullscreen=\"true\" allow=\"autoplay; clipboard-write; encrypted-media; picture-in-picture; web-share\" allowFullScreen=\"true\"><\/iframe>\n","protected":false},"excerpt":{"rendered":"<p>Iniciando a semana de muito trabalho, recebendo este v\u00eddeo do Sr. Jorge Ribeiro, mais um morador do nosso munic\u00edpio que<\/p>\n","protected":false},"author":1,"featured_media":6550,"comment_status":"open","ping_status":"open","sticky":false,"template":"","format":"standard","meta":{"footnotes":""},"categories":[2],"tags":[],"class_list":["post-6549","post","type-post","status-publish","format-standard","has-post-thumbnail","hentry","category-noticias"],"_links":{"self":[{"href":"https:\/\/jornaloalvorada.com.br\/site\/wp-json\/wp\/v2\/posts\/6549","targetHints":{"allow":["GET"]}}],"collection":[{"href":"https:\/\/jornaloalvorada.com.br\/site\/wp-json\/wp\/v2\/posts"}],"about":[{"href":"https:\/\/jornaloalvorada.com.br\/site\/wp-json\/wp\/v2\/types\/post"}],"author":[{"embeddable":true,"href":"https:\/\/jornaloalvorada.com.br\/site\/wp-json\/wp\/v2\/users\/1"}],"replies":[{"embeddable":true,"href":"https:\/\/jornaloalvorada.com.br\/site\/wp-json\/wp\/v2\/comments?post=6549"}],"version-history":[{"count":1,"href":"https:\/\/jornaloalvorada.com.br\/site\/wp-json\/wp\/v2\/posts\/6549\/revisions"}],"predecessor-version":[{"id":6551,"href":"https:\/\/jornaloalvorada.com.br\/site\/wp-json\/wp\/v2\/posts\/6549\/revisions\/6551"}],"wp:featuredmedia":[{"embeddable":true,"href":"https:\/\/jornaloalvorada.com.br\/site\/wp-json\/wp\/v2\/media\/6550"}],"wp:attachment":[{"href":"https:\/\/jornaloalvorada.com.br\/site\/wp-json\/wp\/v2\/media?parent=6549"}],"wp:term":[{"taxonomy":"category","embeddable":true,"href":"https:\/\/jornaloalvorada.com.br\/site\/wp-json\/wp\/v2\/categories?post=6549"},{"taxonomy":"post_tag","embeddable":true,"href":"https:\/\/jornaloalvorada.com.br\/site\/wp-json\/wp\/v2\/tags?post=6549"}],"curies":[{"name":"wp","href":"https:\/\/api.w.org\/{rel}","templated":true}]}}