{"id":6532,"date":"2024-06-24T08:50:07","date_gmt":"2024-06-24T12:50:07","guid":{"rendered":"https:\/\/jornaloalvorada.com.br\/site\/?p=6532"},"modified":"2024-06-24T08:50:10","modified_gmt":"2024-06-24T12:50:10","slug":"brasil-encara-costa-rica-na-estreia-da-copa-america-esta-noite-nos-eua","status":"publish","type":"post","link":"https:\/\/jornaloalvorada.com.br\/site\/2024\/06\/24\/brasil-encara-costa-rica-na-estreia-da-copa-america-esta-noite-nos-eua\/","title":{"rendered":"Brasil encara Costa Rica na estreia da Copa Am\u00e9rica esta noite nos EUA"},"content":{"rendered":"\n<p>A noite \u00e9 de estreia da sele\u00e7\u00e3o brasileira masculina de futebol na fase de grupos da Copa Am\u00e9rica, em Los Angeles (Estados Unidos). O Brasil encara a Costa Rica a partir das 22h (hor\u00e1rio de Bras\u00edlia) desta segunda-feira (24), no SoFi Stadium, em Inglewood. A sele\u00e7\u00e3o est\u00e1 na chave D, que tem ainda Paraguai e Col\u00f4mbia. A competi\u00e7\u00e3o re\u00fane ao todo 16 sele\u00e7\u00f5es.<\/p>\n\n\n\n<p>Durante coletiva no domingo (23), o t\u00e9cnico Dorival J\u00fanior adiantou algumas novidades no time titular, em rela\u00e7\u00e3o \u00e0 equipe que enfrentou os Estados Unidos no \u00faltimo dia 12. O treinador optou por escalar Guilherme Arana na lateral esquerda, antes com Wendell, e \u00c9der Milit\u00e3o na zaga, na posi\u00e7\u00e3o que era Lucas Beraldo.<\/p>\n\n\n\n<blockquote class=\"wp-block-quote is-layout-flow wp-block-quote-is-layout-flow\">\n<p>\u201cN\u00f3s fizemos sim algumas mudan\u00e7as, da base e dos dois jogos iniciais, que foram importantes para ver como os jogadores se encaixariam. Foram fundamentais esses treinamentos, onde n\u00f3s pudemos testar mais nomes. A escala\u00e7\u00e3o inicial \u00e9 justamente essa, com Milit\u00e3o e Arana, e com Alisson, em rela\u00e7\u00e3o aos primeiros jogos dessa convoca\u00e7\u00e3o\u201d explicou Dorival, que assumiu o comando da sele\u00e7\u00e3o h\u00e1 pouco mais de cinco meses.<\/p>\n<\/blockquote>\n\n\n\n<p>A prepara\u00e7\u00e3o para Copa Am\u00e9rica come\u00e7ou no fim de maio, na Calif\u00f3rnia (EUA). Al\u00e9m dos treinamentos, o Brasil disputou dois amistosos. No primeiro, ganhou por 3 a 2 do M\u00e9xico, no Texas, em 8 de junho, e quatro dias depois ficou no 1 a 1 com os Estados Unidos, em jogo disputado no estado do Texas.<\/p>\n\n\n\n<p>A sele\u00e7\u00e3o busca o 10\u00b0 t\u00edtulo na Copa Am\u00e9rica. Na \u00faltima edi\u00e7\u00e3o, realizada no Brasil em meio \u00e0 pandemia de covid-19, o escrete canarinho&nbsp;foi superado&nbsp;por 1 a 0 na final contra a Argentina, que levantou a ta\u00e7a pela 15\u00aa vez (o pa\u00eds \u00e9 o maior campe\u00e3o ao lado do Uruguai). O Brasil conquistou as edi\u00e7\u00f5es de 2019, 2007, 2004, 1999, 1997, 1989, 1949, 1922 e 1919.<\/p>\n\n\n\n<p>Capit\u00e3o da sele\u00e7\u00e3o, o lateral Danilo \u00e9 um dos mais experientes do renovado elenco brasileiro: dos <a href=\"https:\/\/agenciabrasil.ebc.com.br\/esportes\/noticia\/2024-05\/dorival-chama-mais-3-jogadores-para-selecao-brasileira-na-copa-america\"><strong>26 convocados,<\/strong><\/a> 19 jogadores s\u00e3o estreantes no torneio continental.<\/p>\n\n\n\n<blockquote class=\"wp-block-quote is-layout-flow wp-block-quote-is-layout-flow\">\n<p>\u201cEsperamos cumprir com as expectativas, n\u00e3o do jogo bonito, isso fica para imprensa e torcida, mas das vit\u00f3rias. Se for poss\u00edvel jogar bonito, que seja, sen\u00e3o que ven\u00e7a com determina\u00e7\u00e3o\u201d, disse o lateral, que atua na Juventus (It\u00e1lia) e h\u00e1 mais de 10 anos veste a amarelinha.<\/p>\n<\/blockquote>\n\n\n\n<p>A sele\u00e7\u00e3o brasileira deve ir a campo contra a Costa Rica com Alisson, Danilo, \u00c9der Milit\u00e3o, Marquinhos e Guilherme Arana; Bruno Guimar\u00e3es, Jo\u00e3o Gomes e Lucas Paquet\u00e1; Raphinha, Rodrygo e Vinicius J\u00fanior.<\/p>\n\n\n\n<p><strong><em>Fonte: Ag\u00eancia Brasil<\/em><\/strong><\/p>\n","protected":false},"excerpt":{"rendered":"<p>A noite \u00e9 de estreia da sele\u00e7\u00e3o brasileira masculina de futebol na fase de grupos da Copa Am\u00e9rica, em Los<\/p>\n","protected":false},"author":1,"featured_media":6533,"comment_status":"open","ping_status":"open","sticky":false,"template":"","format":"standard","meta":{"footnotes":""},"categories":[2],"tags":[],"class_list":["post-6532","post","type-post","status-publish","format-standard","has-post-thumbnail","hentry","category-noticias"],"_links":{"self":[{"href":"https:\/\/jornaloalvorada.com.br\/site\/wp-json\/wp\/v2\/posts\/6532","targetHints":{"allow":["GET"]}}],"collection":[{"href":"https:\/\/jornaloalvorada.com.br\/site\/wp-json\/wp\/v2\/posts"}],"about":[{"href":"https:\/\/jornaloalvorada.com.br\/site\/wp-json\/wp\/v2\/types\/post"}],"author":[{"embeddable":true,"href":"https:\/\/jornaloalvorada.com.br\/site\/wp-json\/wp\/v2\/users\/1"}],"replies":[{"embeddable":true,"href":"https:\/\/jornaloalvorada.com.br\/site\/wp-json\/wp\/v2\/comments?post=6532"}],"version-history":[{"count":1,"href":"https:\/\/jornaloalvorada.com.br\/site\/wp-json\/wp\/v2\/posts\/6532\/revisions"}],"predecessor-version":[{"id":6534,"href":"https:\/\/jornaloalvorada.com.br\/site\/wp-json\/wp\/v2\/posts\/6532\/revisions\/6534"}],"wp:featuredmedia":[{"embeddable":true,"href":"https:\/\/jornaloalvorada.com.br\/site\/wp-json\/wp\/v2\/media\/6533"}],"wp:attachment":[{"href":"https:\/\/jornaloalvorada.com.br\/site\/wp-json\/wp\/v2\/media?parent=6532"}],"wp:term":[{"taxonomy":"category","embeddable":true,"href":"https:\/\/jornaloalvorada.com.br\/site\/wp-json\/wp\/v2\/categories?post=6532"},{"taxonomy":"post_tag","embeddable":true,"href":"https:\/\/jornaloalvorada.com.br\/site\/wp-json\/wp\/v2\/tags?post=6532"}],"curies":[{"name":"wp","href":"https:\/\/api.w.org\/{rel}","templated":true}]}}