{"id":6515,"date":"2024-06-19T09:09:36","date_gmt":"2024-06-19T13:09:36","guid":{"rendered":"https:\/\/jornaloalvorada.com.br\/site\/?p=6515"},"modified":"2024-06-19T09:09:39","modified_gmt":"2024-06-19T13:09:39","slug":"fique-atento-cartao-de-credito-tera-novas-regras-a-partir-do-proximo-mes-veja-o-que-muda","status":"publish","type":"post","link":"https:\/\/jornaloalvorada.com.br\/site\/2024\/06\/19\/fique-atento-cartao-de-credito-tera-novas-regras-a-partir-do-proximo-mes-veja-o-que-muda\/","title":{"rendered":"Fique atento: cart\u00e3o de cr\u00e9dito ter\u00e1 novas regras a partir do pr\u00f3ximo m\u00eas; veja o que muda"},"content":{"rendered":"\n<p>A partir de 1\u00ba de julho, entram em vigor as novas regras para os cart\u00f5es de cr\u00e9dito. Uma das mudan\u00e7as \u00e9 a possibilidade de portabilidade do cr\u00e9dito rotativo, que permite transferir d\u00edvidas das faturas \u2013 as principais respons\u00e1veis pelo superendividamento das fam\u00edlias \u2013 para um banco que ofere\u00e7a melhores condi\u00e7\u00f5es.<\/p>\n\n\n\n<p>Essa medida foi regulamentada pelo Banco Central (BC) e pelo Conselho Monet\u00e1rio Nacional (CMN) no final do ano passado. Al\u00e9m disso, tamb\u00e9m foi estabelecido um limite de juros para o cr\u00e9dito rotativo e a op\u00e7\u00e3o de parcelamento da fatura em 100% do valor da d\u00edvida, a qual j\u00e1 est\u00e1 em vigor desde o in\u00edcio deste ano.<\/p>\n\n\n\n<p>A partir de 1\u00ba de julho, entram em vigor as novas regras para cart\u00f5es de cr\u00e9dito no Brasil. Vamos destacar as principais mudan\u00e7as:<\/p>\n\n\n\n<ol class=\"wp-block-list\">\n<li><strong>Portabilidade do Cr\u00e9dito Rotativo:<\/strong>\n<ul class=\"wp-block-list\">\n<li>Agora, os consumidores podem transferir suas d\u00edvidas das faturas de cart\u00e3o de cr\u00e9dito para um banco que ofere\u00e7a melhores condi\u00e7\u00f5es.<\/li>\n\n\n\n<li>Isso vale n\u00e3o apenas para o cr\u00e9dito rotativo, mas tamb\u00e9m para outras modalidades de pagamento p\u00f3s-pago.<\/li>\n\n\n\n<li>A portabilidade \u00e9 poss\u00edvel entre institui\u00e7\u00f5es autorizadas pelo Banco Central.<\/li>\n<\/ul>\n<\/li>\n\n\n\n<li><strong>Faturas Mais Transparentes:<\/strong>\n<ul class=\"wp-block-list\">\n<li>As faturas de cart\u00e3o de cr\u00e9dito ter\u00e3o uma \u00e1rea de destaque com informa\u00e7\u00f5es essenciais:\n<ul class=\"wp-block-list\">\n<li>Valor total da fatura.<\/li>\n\n\n\n<li>Data de vencimento do per\u00edodo vigente.<\/li>\n\n\n\n<li>Limite total de cr\u00e9dito.<\/li>\n<\/ul>\n<\/li>\n\n\n\n<li>Al\u00e9m disso, haver\u00e1 uma se\u00e7\u00e3o com op\u00e7\u00f5es de pagamento, incluindo:\n<ul class=\"wp-block-list\">\n<li>Valor m\u00ednimo obrigat\u00f3rio.<\/li>\n\n\n\n<li>Encargos a serem cobrados no pr\u00f3ximo per\u00edodo (caso opte pelo pagamento m\u00ednimo).<\/li>\n\n\n\n<li>Op\u00e7\u00f5es de financiamento do saldo devedor, listadas do menor para o maior valor total a pagar.<\/li>\n\n\n\n<li>Taxas efetivas de juros mensal e anual.<\/li>\n\n\n\n<li>Custo efetivo total das opera\u00e7\u00f5es de cr\u00e9dito.<\/li>\n<\/ul>\n<\/li>\n\n\n\n<li>As faturas tamb\u00e9m conter\u00e3o informa\u00e7\u00f5es complementares, como lan\u00e7amentos na conta, detalhes das opera\u00e7\u00f5es de cr\u00e9dito e tarifas cobradas.<\/li>\n<\/ul>\n<\/li>\n\n\n\n<li><strong>Educa\u00e7\u00e3o Financeira:<\/strong>\n<ul class=\"wp-block-list\">\n<li>As institui\u00e7\u00f5es de pagamento devem promover iniciativas de educa\u00e7\u00e3o financeira.<\/li>\n\n\n\n<li>Um diretor respons\u00e1vel por essa \u00e1rea ser\u00e1 indicado, com mecanismos de controle e acompanhamento das medidas adotadas.<\/li>\n<\/ul>\n<\/li>\n\n\n\n<li><strong>Adequa\u00e7\u00e3o das Empresas:<\/strong>\n<ul class=\"wp-block-list\">\n<li>A Associa\u00e7\u00e3o Brasileira das Empresas de Cart\u00f5es de Cr\u00e9dito e Servi\u00e7os (Abecs) informa que as empresas est\u00e3o se ajustando \u00e0s mudan\u00e7as regulat\u00f3rias.<\/li>\n<\/ul>\n<\/li>\n<\/ol>\n\n\n\n<p>Em 2023, o Brasil registrou 212,3 milh\u00f5es de cart\u00f5es de cr\u00e9dito ativos, segundo o Banco Central. Essas medidas visam trazer mais clareza e benef\u00edcios aos consumidores.<\/p>\n\n\n\n<p><strong><em>Fonte: Terra Brasil Not\u00edcias<\/em><\/strong><\/p>\n","protected":false},"excerpt":{"rendered":"<p>A partir de 1\u00ba de julho, entram em vigor as novas regras para os cart\u00f5es de cr\u00e9dito. Uma das mudan\u00e7as<\/p>\n","protected":false},"author":1,"featured_media":6516,"comment_status":"open","ping_status":"open","sticky":false,"template":"","format":"standard","meta":{"footnotes":""},"categories":[2],"tags":[],"class_list":["post-6515","post","type-post","status-publish","format-standard","has-post-thumbnail","hentry","category-noticias"],"_links":{"self":[{"href":"https:\/\/jornaloalvorada.com.br\/site\/wp-json\/wp\/v2\/posts\/6515","targetHints":{"allow":["GET"]}}],"collection":[{"href":"https:\/\/jornaloalvorada.com.br\/site\/wp-json\/wp\/v2\/posts"}],"about":[{"href":"https:\/\/jornaloalvorada.com.br\/site\/wp-json\/wp\/v2\/types\/post"}],"author":[{"embeddable":true,"href":"https:\/\/jornaloalvorada.com.br\/site\/wp-json\/wp\/v2\/users\/1"}],"replies":[{"embeddable":true,"href":"https:\/\/jornaloalvorada.com.br\/site\/wp-json\/wp\/v2\/comments?post=6515"}],"version-history":[{"count":1,"href":"https:\/\/jornaloalvorada.com.br\/site\/wp-json\/wp\/v2\/posts\/6515\/revisions"}],"predecessor-version":[{"id":6517,"href":"https:\/\/jornaloalvorada.com.br\/site\/wp-json\/wp\/v2\/posts\/6515\/revisions\/6517"}],"wp:featuredmedia":[{"embeddable":true,"href":"https:\/\/jornaloalvorada.com.br\/site\/wp-json\/wp\/v2\/media\/6516"}],"wp:attachment":[{"href":"https:\/\/jornaloalvorada.com.br\/site\/wp-json\/wp\/v2\/media?parent=6515"}],"wp:term":[{"taxonomy":"category","embeddable":true,"href":"https:\/\/jornaloalvorada.com.br\/site\/wp-json\/wp\/v2\/categories?post=6515"},{"taxonomy":"post_tag","embeddable":true,"href":"https:\/\/jornaloalvorada.com.br\/site\/wp-json\/wp\/v2\/tags?post=6515"}],"curies":[{"name":"wp","href":"https:\/\/api.w.org\/{rel}","templated":true}]}}