{"id":6513,"date":"2024-06-19T08:48:50","date_gmt":"2024-06-19T12:48:50","guid":{"rendered":"https:\/\/jornaloalvorada.com.br\/site\/?p=6513"},"modified":"2024-06-19T08:48:53","modified_gmt":"2024-06-19T12:48:53","slug":"apesar-de-tempo-firme-em-grande-parte-de-ms-quarta-tem-aumento-de-nebulosidade-e-chances-de-chuva","status":"publish","type":"post","link":"https:\/\/jornaloalvorada.com.br\/site\/2024\/06\/19\/apesar-de-tempo-firme-em-grande-parte-de-ms-quarta-tem-aumento-de-nebulosidade-e-chances-de-chuva\/","title":{"rendered":"Apesar de tempo firme em grande parte de MS, quarta tem aumento de nebulosidade e chances de chuva"},"content":{"rendered":"\n<p>A previs\u00e3o do Cemtec (Centro de Monitoramento do Tempo e do Clima) indica tempo firme, com sol e varia\u00e7\u00e3o de nebulosidade em grande parte do Estado. Al\u00e9m disso, existe a probabilidade para aumento de nebulosidade, com pequena chance para pancadas de chuvas nas regi\u00f5es Sudoeste, Sudeste e Sul.<\/p>\n\n\n\n<p>\u201cEsta condi\u00e7\u00e3o ocorre devido a disponibilidade de calor e umidade, aliado a atua\u00e7\u00e3o de uma \u00e1rea de baixa press\u00e3o atmosf\u00e9rica sobre o Paraguai\u201d, explica o \u00f3rg\u00e3o. Ainda, os ventos atuam do quadrante Norte com valores entre 40-60km\/h e, pontualmente, podem ocorrer rajadas de ventos acima de 60km\/h.<\/p>\n\n\n\n<p>Em Campo Grande, a m\u00ednima prevista \u00e9 de 21\u00b0C e a m\u00e1xima de 31\u00b0C. Dourados amanhece com 18\u00b0C e chega aos 32\u00b0C ao longo do dia. Na regi\u00e3o Sul, Ponta Por\u00e3 e Iguatemi apresentam m\u00ednimas de 21\u00b0C, com m\u00e1ximas de 28\u00b0C e 31\u00b0C, respectivamente.<\/p>\n\n\n\n<p>Parana\u00edba, no Bols\u00e3o, registra 15\u00b0C pela manh\u00e3 e 31\u00b0C \u00e0 tarde; os term\u00f4metros em Tr\u00eas Lagoas marcam 18\u00b0C inicialmente e atingem 33\u00b0C. Na regi\u00e3o Norte, a m\u00ednima em Coxim \u00e9 de 16\u00b0C e a m\u00e1xima de 34\u00b0C.<\/p>\n\n\n\n<p>Na regi\u00e3o pantaneira, Aquidauana e Corumb\u00e1 atingem 34\u00b0C nos hor\u00e1rios mais quentes, com m\u00ednimas respectivas de 20\u00b0C e 24\u00b0C. Porto Murtinho, no Sudoeste do Estado, tem m\u00ednima de 25\u00b0C e m\u00e1xima de 33\u00b0C.<\/p>\n\n\n\n<p><em>Heloisa Duim, do Programa de Est\u00e1gio Supervisionado<\/em><br><em>Foto: Saul Schramm<\/em><\/p>\n","protected":false},"excerpt":{"rendered":"<p>A previs\u00e3o do Cemtec (Centro de Monitoramento do Tempo e do Clima) indica tempo firme, com sol e varia\u00e7\u00e3o de<\/p>\n","protected":false},"author":1,"featured_media":5087,"comment_status":"open","ping_status":"open","sticky":false,"template":"","format":"standard","meta":{"footnotes":""},"categories":[2],"tags":[],"class_list":["post-6513","post","type-post","status-publish","format-standard","has-post-thumbnail","hentry","category-noticias"],"_links":{"self":[{"href":"https:\/\/jornaloalvorada.com.br\/site\/wp-json\/wp\/v2\/posts\/6513","targetHints":{"allow":["GET"]}}],"collection":[{"href":"https:\/\/jornaloalvorada.com.br\/site\/wp-json\/wp\/v2\/posts"}],"about":[{"href":"https:\/\/jornaloalvorada.com.br\/site\/wp-json\/wp\/v2\/types\/post"}],"author":[{"embeddable":true,"href":"https:\/\/jornaloalvorada.com.br\/site\/wp-json\/wp\/v2\/users\/1"}],"replies":[{"embeddable":true,"href":"https:\/\/jornaloalvorada.com.br\/site\/wp-json\/wp\/v2\/comments?post=6513"}],"version-history":[{"count":1,"href":"https:\/\/jornaloalvorada.com.br\/site\/wp-json\/wp\/v2\/posts\/6513\/revisions"}],"predecessor-version":[{"id":6514,"href":"https:\/\/jornaloalvorada.com.br\/site\/wp-json\/wp\/v2\/posts\/6513\/revisions\/6514"}],"wp:featuredmedia":[{"embeddable":true,"href":"https:\/\/jornaloalvorada.com.br\/site\/wp-json\/wp\/v2\/media\/5087"}],"wp:attachment":[{"href":"https:\/\/jornaloalvorada.com.br\/site\/wp-json\/wp\/v2\/media?parent=6513"}],"wp:term":[{"taxonomy":"category","embeddable":true,"href":"https:\/\/jornaloalvorada.com.br\/site\/wp-json\/wp\/v2\/categories?post=6513"},{"taxonomy":"post_tag","embeddable":true,"href":"https:\/\/jornaloalvorada.com.br\/site\/wp-json\/wp\/v2\/tags?post=6513"}],"curies":[{"name":"wp","href":"https:\/\/api.w.org\/{rel}","templated":true}]}}