{"id":6508,"date":"2024-06-18T15:39:51","date_gmt":"2024-06-18T19:39:51","guid":{"rendered":"https:\/\/jornaloalvorada.com.br\/site\/?p=6508"},"modified":"2024-06-18T15:39:54","modified_gmt":"2024-06-18T19:39:54","slug":"bomba-policia-federal-diz-que-ministro-de-lula-controlava-licitacoes-fraudadas","status":"publish","type":"post","link":"https:\/\/jornaloalvorada.com.br\/site\/2024\/06\/18\/bomba-policia-federal-diz-que-ministro-de-lula-controlava-licitacoes-fraudadas\/","title":{"rendered":"BOMBA: Pol\u00edcia Federal diz que ministro de Lula controlava licita\u00e7\u00f5es fraudadas"},"content":{"rendered":"\n<p>A Pol\u00edcia Federal (PF) destacou no relat\u00f3rio de indiciamento do ministro das Comunica\u00e7\u00f5es, Juscelino Filho (Uni\u00e3o Brasil), que ele teria exercido controle sobre licita\u00e7\u00f5es que favoreceram a empresa Construservice, associada ao empres\u00e1rio Eduardo Jos\u00e9 Barros Costa, conhecido como \u201cEduardo DP\u201d. Juscelino, indicado para o cargo pelo Uni\u00e3o Brasil, \u00e9 investigado por suspeita de envolvimento em desvios de emendas parlamentares durante seu mandato como deputado federal.<\/p>\n\n\n\n<p>A investiga\u00e7\u00e3o aponta que Juscelino influenciou processos de contrata\u00e7\u00e3o para obras p\u00fablicas em Vitorino Freire, cidade maranhense onde sua irm\u00e3, Luanna Rezende, \u00e9 prefeita. Um dos exemplos citados no relat\u00f3rio final da investiga\u00e7\u00e3o \u00e9 a inser\u00e7\u00e3o de \u201ccl\u00e1usulas restritivas de competi\u00e7\u00e3o que contaram com a participa\u00e7\u00e3o de Juscelino Filho\u201d.<\/p>\n\n\n\n<p>Mensagens trocadas entre o empres\u00e1rio Eduardo DP e o atual ministro, durante o per\u00edodo de 2017 a 2020, quando Juscelino era deputado federal, discutiam sobre a destina\u00e7\u00e3o de emendas e a execu\u00e7\u00e3o de obras. O relat\u00f3rio enviado ao gabinete do ministro Fl\u00e1vio Dino, relator do caso no Supremo Tribunal Federal (STF), afirma que \u201cJuscelino Filho tinha controle das licita\u00e7\u00f5es que envolviam as empresas do Eduardo DP\u201d.<\/p>\n\n\n\n<p>A defesa de Juscelino nega irregularidades e argumenta que as conversas inclu\u00eddas no inqu\u00e9rito da PF s\u00e3o de anos anteriores aos processos de licita\u00e7\u00e3o. Segundo os advogados do ministro, o papel dele como deputado era apenas indicar as emendas parlamentares, sem inger\u00eancia sobre a execu\u00e7\u00e3o das obras. \u201cEssa suposta demonstra\u00e7\u00e3o da participa\u00e7\u00e3o do peticion\u00e1rio (Juscelino) no esquema criminoso n\u00e3o corresponde ao conte\u00fado do relat\u00f3rio policial, que se limitou a identificar emendas destinadas pelo peticion\u00e1rio enquanto parlamentar\u201d, afirmam os defensores ao pedir o trancamento do inqu\u00e9rito no STF.<\/p>\n\n\n\n<p>A prefeita de Vitorino Freire afirmou, em nota, que a obra de pavimenta\u00e7\u00e3o de ruas executada pela Construservice \u201cfoi realizada conforme os procedimentos administrativos e legais vigentes \u00e0 \u00e9poca\u201d. Ela acrescentou que \u201ca \u00fanica contribui\u00e7\u00e3o do ent\u00e3o deputado federal Juscelino Filho foi a indica\u00e7\u00e3o de suas emendas, nada mais, portanto, a afirma\u00e7\u00e3o de que Juscelino tinha controle sobre as licita\u00e7\u00f5es \u00e9 completamente falsa\u201d.<\/p>\n\n\n\n<p>A PF indiciou Juscelino pela pr\u00e1tica dos crimes de organiza\u00e7\u00e3o criminosa, lavagem de dinheiro e corrup\u00e7\u00e3o passiva, apontando seu envolvimento em supostos desvios de emendas parlamentares enviadas durante seu mandato como deputado federal, antes de assumir o Minist\u00e9rio das Comunica\u00e7\u00f5es no governo.<\/p>\n\n\n\n<p>Segundo as investiga\u00e7\u00f5es, o dinheiro de emendas parlamentares destinadas por Juscelino foi utilizado pela estatal Codevasf para pavimentar uma estrada que beneficia sua pr\u00f3pria fazenda em Vitorino Freire, no Maranh\u00e3o. A obra foi or\u00e7ada em R$ 7,5 milh\u00f5es e realizada pela Construservice.<\/p>\n\n\n\n<p>O relat\u00f3rio final da investiga\u00e7\u00e3o da PF, que indiciou Juscelino, foi encaminhado na quarta-feira ao STF. Agora, cabe \u00e0 Procuradoria-Geral da Rep\u00fablica manifestar-se sobre as conclus\u00f5es do inqu\u00e9rito.<\/p>\n\n\n\n<p><strong><em>Fonte: Terra Brasil Not\u00edcias<\/em><\/strong><\/p>\n","protected":false},"excerpt":{"rendered":"<p>A Pol\u00edcia Federal (PF) destacou no relat\u00f3rio de indiciamento do ministro das Comunica\u00e7\u00f5es, Juscelino Filho (Uni\u00e3o Brasil), que ele teria<\/p>\n","protected":false},"author":1,"featured_media":6510,"comment_status":"open","ping_status":"open","sticky":false,"template":"","format":"standard","meta":{"footnotes":""},"categories":[2],"tags":[],"class_list":["post-6508","post","type-post","status-publish","format-standard","has-post-thumbnail","hentry","category-noticias"],"_links":{"self":[{"href":"https:\/\/jornaloalvorada.com.br\/site\/wp-json\/wp\/v2\/posts\/6508","targetHints":{"allow":["GET"]}}],"collection":[{"href":"https:\/\/jornaloalvorada.com.br\/site\/wp-json\/wp\/v2\/posts"}],"about":[{"href":"https:\/\/jornaloalvorada.com.br\/site\/wp-json\/wp\/v2\/types\/post"}],"author":[{"embeddable":true,"href":"https:\/\/jornaloalvorada.com.br\/site\/wp-json\/wp\/v2\/users\/1"}],"replies":[{"embeddable":true,"href":"https:\/\/jornaloalvorada.com.br\/site\/wp-json\/wp\/v2\/comments?post=6508"}],"version-history":[{"count":1,"href":"https:\/\/jornaloalvorada.com.br\/site\/wp-json\/wp\/v2\/posts\/6508\/revisions"}],"predecessor-version":[{"id":6511,"href":"https:\/\/jornaloalvorada.com.br\/site\/wp-json\/wp\/v2\/posts\/6508\/revisions\/6511"}],"wp:featuredmedia":[{"embeddable":true,"href":"https:\/\/jornaloalvorada.com.br\/site\/wp-json\/wp\/v2\/media\/6510"}],"wp:attachment":[{"href":"https:\/\/jornaloalvorada.com.br\/site\/wp-json\/wp\/v2\/media?parent=6508"}],"wp:term":[{"taxonomy":"category","embeddable":true,"href":"https:\/\/jornaloalvorada.com.br\/site\/wp-json\/wp\/v2\/categories?post=6508"},{"taxonomy":"post_tag","embeddable":true,"href":"https:\/\/jornaloalvorada.com.br\/site\/wp-json\/wp\/v2\/tags?post=6508"}],"curies":[{"name":"wp","href":"https:\/\/api.w.org\/{rel}","templated":true}]}}