{"id":6504,"date":"2024-06-18T15:23:56","date_gmt":"2024-06-18T19:23:56","guid":{"rendered":"https:\/\/jornaloalvorada.com.br\/site\/?p=6504"},"modified":"2024-06-18T15:23:58","modified_gmt":"2024-06-18T19:23:58","slug":"pacheco-se-irrita-com-teatro-contra-aborto-no-senado","status":"publish","type":"post","link":"https:\/\/jornaloalvorada.com.br\/site\/2024\/06\/18\/pacheco-se-irrita-com-teatro-contra-aborto-no-senado\/","title":{"rendered":"Pacheco se irrita com \u201cteatro\u201d contra aborto no Senado"},"content":{"rendered":"\n<p>O presidente do Senado, <a href=\"https:\/\/monitor.poder360.com.br\/politicos-do-brasil\/1283679\/RODRIGO-PACHECO?ano=2018&amp;l=y\" target=\"_blank\" rel=\"noreferrer noopener\">Rodrigo Pacheco<\/a> (PSD-MG), se irritou com a sess\u00e3o tem\u00e1tica realizada nesta 2\u00aa feira (17.jun.2024), no plen\u00e1rio da Casa Alta, para discutir a assistolia fetal para interrup\u00e7\u00e3o de gravidez. O debate teve a exposi\u00e7\u00e3o de imagens de fetos e uma <a href=\"https:\/\/www.poder360.com.br\/poder-congresso\/contadora-de-historias-faz-encenacao-sobre-pl-antiaborto-assista\/\" target=\"_blank\" rel=\"noreferrer noopener\">encena\u00e7\u00e3o<\/a> sobre o procedimento usado para interromper gravidez.<\/p>\n\n\n\n<p>O <strong>Poder360 <\/strong>apurou que Pacheco desaprovou o uso <em>\u201cde dramatiza\u00e7\u00e3o para discutir o tema\u201d<\/em>. O senador avalia que a discuss\u00e3o sobre o aborto deve considerar crit\u00e9rios t\u00e9cnicos, cient\u00edficos, a pr\u00f3pria legisla\u00e7\u00e3o vigente e as mulheres senadoras.<\/p>\n\n\n\n<p>Pacheco ficou incomodado tamb\u00e9m pelo fato de os senadores n\u00e3o terem convidado especialistas contr\u00e1rios ao PL \u201cantiaborto\u201d, que est\u00e1 em an\u00e1lise na C\u00e2mara, ao debate.&nbsp;<\/p>\n\n\n\n<p>Na 5\u00aa feira (13.jun), em conversa com jornalistas, o presidente do Senado <a href=\"https:\/\/www.poder360.com.br\/poder-congresso\/pl-antiaborto-jamais-deveria-ir-direto-ao-plenario-diz-pacheco\/\">disse<\/a> que uma proposta da <em>\u201cnatureza\u201d <\/em>do PL <a href=\"https:\/\/www.camara.leg.br\/proposicoesWeb\/fichadetramitacao?idProposicao=2434493\" target=\"_blank\" rel=\"noreferrer noopener\">1.904 de 2024 <\/a><em>\u201cjamais\u201d<\/em> iria diretamente ao plen\u00e1rio.<\/p>\n\n\n\n<p>A <a href=\"https:\/\/www.poder360.com.br\/poder-congresso\/camara-aprova-urgencia-para-projetos-antidelacao-e-antiaborto\/\" target=\"_blank\" rel=\"noreferrer noopener\">C\u00e2mara aprovou a urg\u00eancia<\/a> na 4\u00aa feira (12.jun), em vota\u00e7\u00e3o rel\u00e2mpago, com cerca de 20 segundos de dura\u00e7\u00e3o.&nbsp; Com o requerimento, o texto pode ser apreciado sem passar por comiss\u00f5es tem\u00e1ticas.&nbsp;<\/p>\n\n\n\n<p>O texto prop\u00f5e alterar o C\u00f3digo Penal para equiparar o aborto acima de 22 semanas ao crime de homic\u00eddio, mesmo quando a gesta\u00e7\u00e3o for resultante de um estupro.&nbsp;<\/p>\n\n\n\n<h2 class=\"wp-block-heading\"><strong>DEBATE NO SENADO<\/strong><\/h2>\n\n\n\n<p>O requerimento para a sess\u00e3o \u00e9 de autoria do senador <a href=\"https:\/\/monitor.poder360.com.br\/politicos-do-brasil\/497348\/DR.-GUIMAR%C3%83ES?ano=0&amp;l=n\" target=\"_blank\" rel=\"noreferrer noopener\">Eduardo Gir\u00e3o<\/a> (Novo-CE). Debates tem\u00e1ticos n\u00e3o t\u00eam natureza deliberativa na Casa. Servem para discutir assuntos que estejam em voga no pa\u00eds.&nbsp;<\/p>\n\n\n\n<p>A assistolia fetal consiste em administrar drogas para interromper os batimentos card\u00edacos do feto e induzir o aborto. O procedimento \u00e9 recomendado pela OMS (Organiza\u00e7\u00e3o Mundial da Sa\u00fade) para casos em que a idade gestacional passa de 20 semanas.<\/p>\n\n\n\n<p><strong><em>Fonte: Poder360<\/em><\/strong><\/p>\n","protected":false},"excerpt":{"rendered":"<p>O presidente do Senado, Rodrigo Pacheco (PSD-MG), se irritou com a sess\u00e3o tem\u00e1tica realizada nesta 2\u00aa feira (17.jun.2024), no plen\u00e1rio<\/p>\n","protected":false},"author":1,"featured_media":6505,"comment_status":"open","ping_status":"open","sticky":false,"template":"","format":"standard","meta":{"footnotes":""},"categories":[2],"tags":[],"class_list":["post-6504","post","type-post","status-publish","format-standard","has-post-thumbnail","hentry","category-noticias"],"_links":{"self":[{"href":"https:\/\/jornaloalvorada.com.br\/site\/wp-json\/wp\/v2\/posts\/6504","targetHints":{"allow":["GET"]}}],"collection":[{"href":"https:\/\/jornaloalvorada.com.br\/site\/wp-json\/wp\/v2\/posts"}],"about":[{"href":"https:\/\/jornaloalvorada.com.br\/site\/wp-json\/wp\/v2\/types\/post"}],"author":[{"embeddable":true,"href":"https:\/\/jornaloalvorada.com.br\/site\/wp-json\/wp\/v2\/users\/1"}],"replies":[{"embeddable":true,"href":"https:\/\/jornaloalvorada.com.br\/site\/wp-json\/wp\/v2\/comments?post=6504"}],"version-history":[{"count":1,"href":"https:\/\/jornaloalvorada.com.br\/site\/wp-json\/wp\/v2\/posts\/6504\/revisions"}],"predecessor-version":[{"id":6506,"href":"https:\/\/jornaloalvorada.com.br\/site\/wp-json\/wp\/v2\/posts\/6504\/revisions\/6506"}],"wp:featuredmedia":[{"embeddable":true,"href":"https:\/\/jornaloalvorada.com.br\/site\/wp-json\/wp\/v2\/media\/6505"}],"wp:attachment":[{"href":"https:\/\/jornaloalvorada.com.br\/site\/wp-json\/wp\/v2\/media?parent=6504"}],"wp:term":[{"taxonomy":"category","embeddable":true,"href":"https:\/\/jornaloalvorada.com.br\/site\/wp-json\/wp\/v2\/categories?post=6504"},{"taxonomy":"post_tag","embeddable":true,"href":"https:\/\/jornaloalvorada.com.br\/site\/wp-json\/wp\/v2\/tags?post=6504"}],"curies":[{"name":"wp","href":"https:\/\/api.w.org\/{rel}","templated":true}]}}