{"id":6501,"date":"2024-06-18T15:16:54","date_gmt":"2024-06-18T19:16:54","guid":{"rendered":"https:\/\/jornaloalvorada.com.br\/site\/?p=6501"},"modified":"2024-06-18T15:16:57","modified_gmt":"2024-06-18T19:16:57","slug":"camara-aprova-pedido-para-que-cade-investigue-leilao-de-arroz","status":"publish","type":"post","link":"https:\/\/jornaloalvorada.com.br\/site\/2024\/06\/18\/camara-aprova-pedido-para-que-cade-investigue-leilao-de-arroz\/","title":{"rendered":"C\u00e2mara aprova pedido para que Cade investigue leil\u00e3o de arroz"},"content":{"rendered":"\n<p>A Comiss\u00e3o de Agricultura da <a href=\"https:\/\/www.camara.leg.br\/\" target=\"_blank\" rel=\"noreferrer noopener\">C\u00e2mara dos Deputados<\/a> aprovou nesta 3\u00aa feira (18.jun.2024) um pedido ao <a href=\"https:\/\/www.gov.br\/cade\/pt-br\/pagina-inicial\" target=\"_blank\" rel=\"noreferrer noopener\">Cade<\/a> (Conselho Administrativo de Defesa Econ\u00f4mica) para investigar uma poss\u00edvel infra\u00e7\u00e3o econ\u00f4mica cometida no leil\u00e3o realizado pela <a href=\"https:\/\/www.conab.gov.br\/\" target=\"_blank\" rel=\"noreferrer noopener\">Conab<\/a> (Companhia Nacional de Abastecimento) para a compra de arroz importado.<\/p>\n\n\n\n<p>O certame foi anulado pelo governo depois de suspeitas de que as empresas vencedoras n\u00e3o teriam condi\u00e7\u00f5es de entregar o que foi acordado. A importa\u00e7\u00e3o seria feita para garantir estoques e evitar uma escalada de pre\u00e7o do produto por causa das enchentes no Rio Grande do Sul, o maior produtor do gr\u00e3o no pa\u00eds.<\/p>\n\n\n\n<p>O <a href=\"https:\/\/www.camara.leg.br\/proposicoesWeb\/fichadetramitacao?idProposicao=2439295\" target=\"_blank\" rel=\"noreferrer noopener\">requerimento <\/a>foi aprovado por unanimidade. O pedido \u00e9 autoria dos deputados <a href=\"https:\/\/monitor.poder360.com.br\/politicos-do-brasil\/957141?ano=2022&amp;l=y\" target=\"_blank\" rel=\"noreferrer noopener\">Marcel van Hattem<\/a> (Novo\/RS), Jos\u00e9 Medeiros (PL\/MT) e <a href=\"https:\/\/monitor.poder360.com.br\/politicos-do-brasil\/718025\/AFONSO-HAMM?ano=2010\" target=\"_blank\" rel=\"noreferrer noopener\">Afonso Hamm<\/a> (PP\/RS). Durante a vota\u00e7\u00e3o, van Hattem disse que h\u00e1 um \u201c<em>indicativo de cartel<\/em>\u201d no processo de leil\u00e3o. \u201c<em>H\u00e1 altos ind\u00edcios de que houve acertos entre os participantes e o pior participantes que n\u00e3o t\u00eam tradi\u00e7\u00e3o nesse tipo de neg\u00f3cio<\/em>\u201d, afirmou.<\/p>\n\n\n\n<p>A comiss\u00e3o tamb\u00e9m realiza nesta 3\u00aa feira (18.jun) uma audi\u00eancia p\u00fablica para a avalia\u00e7\u00e3o da necessidade de importar 1 milh\u00e3o de toneladas de arroz. A Conab foi convidada, mas n\u00e3o confirmou presen\u00e7a.<\/p>\n\n\n\n<p><strong><em>Fonte: Poder360<\/em><\/strong><\/p>\n","protected":false},"excerpt":{"rendered":"<p>A Comiss\u00e3o de Agricultura da C\u00e2mara dos Deputados aprovou nesta 3\u00aa feira (18.jun.2024) um pedido ao Cade (Conselho Administrativo de<\/p>\n","protected":false},"author":1,"featured_media":6502,"comment_status":"open","ping_status":"open","sticky":false,"template":"","format":"standard","meta":{"footnotes":""},"categories":[2],"tags":[],"class_list":["post-6501","post","type-post","status-publish","format-standard","has-post-thumbnail","hentry","category-noticias"],"_links":{"self":[{"href":"https:\/\/jornaloalvorada.com.br\/site\/wp-json\/wp\/v2\/posts\/6501","targetHints":{"allow":["GET"]}}],"collection":[{"href":"https:\/\/jornaloalvorada.com.br\/site\/wp-json\/wp\/v2\/posts"}],"about":[{"href":"https:\/\/jornaloalvorada.com.br\/site\/wp-json\/wp\/v2\/types\/post"}],"author":[{"embeddable":true,"href":"https:\/\/jornaloalvorada.com.br\/site\/wp-json\/wp\/v2\/users\/1"}],"replies":[{"embeddable":true,"href":"https:\/\/jornaloalvorada.com.br\/site\/wp-json\/wp\/v2\/comments?post=6501"}],"version-history":[{"count":1,"href":"https:\/\/jornaloalvorada.com.br\/site\/wp-json\/wp\/v2\/posts\/6501\/revisions"}],"predecessor-version":[{"id":6503,"href":"https:\/\/jornaloalvorada.com.br\/site\/wp-json\/wp\/v2\/posts\/6501\/revisions\/6503"}],"wp:featuredmedia":[{"embeddable":true,"href":"https:\/\/jornaloalvorada.com.br\/site\/wp-json\/wp\/v2\/media\/6502"}],"wp:attachment":[{"href":"https:\/\/jornaloalvorada.com.br\/site\/wp-json\/wp\/v2\/media?parent=6501"}],"wp:term":[{"taxonomy":"category","embeddable":true,"href":"https:\/\/jornaloalvorada.com.br\/site\/wp-json\/wp\/v2\/categories?post=6501"},{"taxonomy":"post_tag","embeddable":true,"href":"https:\/\/jornaloalvorada.com.br\/site\/wp-json\/wp\/v2\/tags?post=6501"}],"curies":[{"name":"wp","href":"https:\/\/api.w.org\/{rel}","templated":true}]}}