{"id":6476,"date":"2024-06-12T09:24:37","date_gmt":"2024-06-12T13:24:37","guid":{"rendered":"https:\/\/jornaloalvorada.com.br\/site\/?p=6476"},"modified":"2024-06-12T09:32:50","modified_gmt":"2024-06-12T13:32:50","slug":"previsao-do-tempo-indica-altas-temperaturas-e-baixa-umidade-do-ar-para-esta-quarta-feira","status":"publish","type":"post","link":"https:\/\/jornaloalvorada.com.br\/site\/2024\/06\/12\/previsao-do-tempo-indica-altas-temperaturas-e-baixa-umidade-do-ar-para-esta-quarta-feira\/","title":{"rendered":"Previs\u00e3o do tempo indica altas temperaturas e baixa umidade do ar para esta quarta-feira"},"content":{"rendered":"\n<p>A previs\u00e3o do tempo indica tempo est\u00e1vel, com sol e poucas nuvens para esta quarta-feira (12) em Mato Grosso do Sul. Al\u00e9m disso, devido a presen\u00e7a do ar seco, s\u00e3o esperadas altas amplitudes t\u00e9rmicas, podendo atingir at\u00e9 20\u00b0C de varia\u00e7\u00e3o no mesmo dia.<\/p>\n\n\n\n<p>De acordo com o Cemtec (Centro de Monitoramento do Tempo e do Clima), s\u00e3o esperados baixos valores de umidade relativa do ar, entre 15% e 35%. Por isso, recomenda-se beber bastante l\u00edquido e umidificar os ambientes. Ainda, recomenda-se que a popula\u00e7\u00e3o n\u00e3o coloque fogo em nenhuma situa\u00e7\u00e3o, visto que as condi\u00e7\u00f5es meteorol\u00f3gicas previstas tornam o ambiente atmosf\u00e9rico prop\u00edcio para ocorr\u00eancia de inc\u00eandios florestais.<\/p>\n\n\n\n<p>Os term\u00f4metros em Campo Grande marcam 20\u00b0C inicialmente e chegam aos 31\u00b0C ao longo do dia. Dourados tem m\u00ednima de 17\u00b0C e m\u00e1xima de 32\u00b0C. Na regi\u00e3o Sul-Fronteira, Ponta Por\u00e3 apresenta varia\u00e7\u00e3o entre 17\u00b0C e 29\u00b0C. Anauril\u00e2ndia, no leste, tem m\u00ednima de 19\u00b0C e m\u00e1xima de 32\u00b0C.<\/p>\n\n\n\n<p>Na regi\u00e3o do Bols\u00e3o, Parana\u00edba registra 17\u00b0C pela manh\u00e3 e 31\u00b0C \u00e0 tarde, j\u00e1 em Tr\u00eas Lagoas a m\u00ednima prevista \u00e9 de 18\u00b0C e a m\u00e1xima de 32\u00b0C. No munic\u00edpio de Coxim, no norte do Estado, os valores variam entre 15\u00b0C e 34\u00b0C.<\/p>\n\n\n\n<p>Corumb\u00e1, no Pantanal, tem m\u00ednima de 22\u00b0C e m\u00e1xima de 33\u00b0C. Em Aquidauana, na mesma regi\u00e3o, as temperaturas iniciam aos 19\u00b0C e sobem at\u00e9 34\u00b0C. Nesta quarta-feira, Porto Murtinho marca o valor mais alto do dia, com m\u00ednima de 21\u00b0C e m\u00e1xima de 35\u00b0C.<\/p>\n\n\n\n<p><em>Heloisa Duim, Programa de Est\u00e1gio Supervisionado<\/em><br><em>Foto: \u00c1lvaro Rezende<\/em><\/p>\n","protected":false},"excerpt":{"rendered":"<p>A previs\u00e3o do tempo indica tempo est\u00e1vel, com sol e poucas nuvens para esta quarta-feira (12) em Mato Grosso do<\/p>\n","protected":false},"author":1,"featured_media":6484,"comment_status":"open","ping_status":"open","sticky":false,"template":"","format":"standard","meta":{"footnotes":""},"categories":[2],"tags":[],"class_list":["post-6476","post","type-post","status-publish","format-standard","has-post-thumbnail","hentry","category-noticias"],"_links":{"self":[{"href":"https:\/\/jornaloalvorada.com.br\/site\/wp-json\/wp\/v2\/posts\/6476","targetHints":{"allow":["GET"]}}],"collection":[{"href":"https:\/\/jornaloalvorada.com.br\/site\/wp-json\/wp\/v2\/posts"}],"about":[{"href":"https:\/\/jornaloalvorada.com.br\/site\/wp-json\/wp\/v2\/types\/post"}],"author":[{"embeddable":true,"href":"https:\/\/jornaloalvorada.com.br\/site\/wp-json\/wp\/v2\/users\/1"}],"replies":[{"embeddable":true,"href":"https:\/\/jornaloalvorada.com.br\/site\/wp-json\/wp\/v2\/comments?post=6476"}],"version-history":[{"count":1,"href":"https:\/\/jornaloalvorada.com.br\/site\/wp-json\/wp\/v2\/posts\/6476\/revisions"}],"predecessor-version":[{"id":6478,"href":"https:\/\/jornaloalvorada.com.br\/site\/wp-json\/wp\/v2\/posts\/6476\/revisions\/6478"}],"wp:featuredmedia":[{"embeddable":true,"href":"https:\/\/jornaloalvorada.com.br\/site\/wp-json\/wp\/v2\/media\/6484"}],"wp:attachment":[{"href":"https:\/\/jornaloalvorada.com.br\/site\/wp-json\/wp\/v2\/media?parent=6476"}],"wp:term":[{"taxonomy":"category","embeddable":true,"href":"https:\/\/jornaloalvorada.com.br\/site\/wp-json\/wp\/v2\/categories?post=6476"},{"taxonomy":"post_tag","embeddable":true,"href":"https:\/\/jornaloalvorada.com.br\/site\/wp-json\/wp\/v2\/tags?post=6476"}],"curies":[{"name":"wp","href":"https:\/\/api.w.org\/{rel}","templated":true}]}}