{"id":6472,"date":"2024-06-11T08:17:54","date_gmt":"2024-06-11T12:17:54","guid":{"rendered":"https:\/\/jornaloalvorada.com.br\/site\/?p=6472"},"modified":"2024-06-11T08:17:56","modified_gmt":"2024-06-11T12:17:56","slug":"com-prazos-estendidos-pelo-contran-95-mil-processos-de-habilitacao-devem-ser-concluidos-ate-dezembro","status":"publish","type":"post","link":"https:\/\/jornaloalvorada.com.br\/site\/2024\/06\/11\/com-prazos-estendidos-pelo-contran-95-mil-processos-de-habilitacao-devem-ser-concluidos-ate-dezembro\/","title":{"rendered":"Com prazos estendidos pelo Contran, 95 mil processos de habilita\u00e7\u00e3o devem ser conclu\u00eddos at\u00e9 dezembro"},"content":{"rendered":"\n<p>Termina em dezembro o prazo do Conselho Nacional de Tr\u00e2nsito (Contran) para a conclus\u00e3o dos processos de primeira habilita\u00e7\u00e3o iniciados entre os anos de 2019 a 2023. Delibera\u00e7\u00e3o n\u00ba 271 do Contran (Conselho Nacional de Tr\u00e2nsito), publicada em 27 de dezembro, prorrogou os prazos de todos os processos ativos por mais um ano.&nbsp;<\/p>\n\n\n\n<p>Ao todo em Mato Grosso do Sul s\u00e3o mais de 95 mil processos ativos que ainda possuem a chance de serem finalizados at\u00e9 31 de dezembro. Deste total, 8 mil est\u00e3o na fase de agendamento de exame te\u00f3rico e 24 mil j\u00e1 se encontram na etapa de agendamento do exame pr\u00e1tico de 2 e 4 rodas. Os demais &#8211; cerca de 63 mil &#8211; s\u00e3o processos de alunos que ainda se encontram na fase de exames de sa\u00fade e que ainda n\u00e3o chegaram na etapa de aulas.<\/p>\n\n\n\n<p>No m\u00eas de maio o Detran-MS (Departamento Estadual de Tr\u00e2nsito de Mato Grosso do Sul) disparou e-mails para os candidatos com a orienta\u00e7\u00e3o para que se organizem, procurem os seus respectivos CFC\u00b4s (Centro de Forma\u00e7\u00e3o de Condutores) e n\u00e3o deixem para fazer isso perto do prazo expirar.<\/p>\n\n\n\n<p>\u201cNos \u00faltimos dois meses, identificamos que cerca de 4 mil processos, desse universo de prorrogados, foram conclu\u00eddos. No entanto, ainda existem um volume alto de processos em situa\u00e7\u00e3o ativa, estando metade desse quantitativo na etapa das aulas e exames te\u00f3ricos e pr\u00e1ticos\u201d, alerta Lina Zeinab, gerente de Exames de Habilita\u00e7\u00e3o.<\/p>\n\n\n\n<p>Os roteiros dos exames te\u00f3ricos e pr\u00e1ticos da Capital e do interior do Estado podem ser consultados no site <a href=\"http:\/\/www.detran.ms.gov.br\">www.detran.ms.gov.br<\/a> no submenu \u201cRoteiro de Exames\u201d.&nbsp;<\/p>\n\n\n\n<p>A \u00faltima decis\u00e3o do Contran, n\u00e3o contempla os cidad\u00e3os que come\u00e7aram o processo de primeira habilita\u00e7\u00e3o a partir de 1\u00ba de janeiro de 2024. Para estes, o prazo para conclus\u00e3o permanece sendo de 12 meses, a contar da data do protocolo.<\/p>\n\n\n\n<p>Nos cinco primeiros meses de 2024 foram emitidas 23.736&nbsp; CNH&#8217;s decorrentes de processos de primeira habilita\u00e7\u00e3o.&nbsp;<\/p>\n\n\n\n<p><strong>Desist\u00eancia de uma categoria<\/strong><\/p>\n\n\n\n<p>Uma situa\u00e7\u00e3o bastante comum que a Ger\u00eancia de Exames de Habilita\u00e7\u00e3o identifica, \u00e9 de alunos que abriram o processo para tirar CNH nas categorias A e B, \u00e9 aprovado no exame pr\u00e1tico de uma delas, mas tem muita dificuldade de aprova\u00e7\u00e3o na outra. Nestes casos, uma sa\u00edda pode ser a desist\u00eancia de categoria que pode ser requerida no Centro de Forma\u00e7\u00e3o de Condutores (CFC) ou protocolada junto ao Detran-MS.<\/p>\n\n\n\n<p><em>Mireli Obando, Comunica\u00e7\u00e3o Detran-MS<\/em><\/p>\n\n\n\n<p><em>Foto: Rachid Waqued<\/em><\/p>\n","protected":false},"excerpt":{"rendered":"<p>Termina em dezembro o prazo do Conselho Nacional de Tr\u00e2nsito (Contran) para a conclus\u00e3o dos processos de primeira habilita\u00e7\u00e3o iniciados<\/p>\n","protected":false},"author":1,"featured_media":5914,"comment_status":"open","ping_status":"open","sticky":false,"template":"","format":"standard","meta":{"footnotes":""},"categories":[2],"tags":[],"class_list":["post-6472","post","type-post","status-publish","format-standard","has-post-thumbnail","hentry","category-noticias"],"_links":{"self":[{"href":"https:\/\/jornaloalvorada.com.br\/site\/wp-json\/wp\/v2\/posts\/6472","targetHints":{"allow":["GET"]}}],"collection":[{"href":"https:\/\/jornaloalvorada.com.br\/site\/wp-json\/wp\/v2\/posts"}],"about":[{"href":"https:\/\/jornaloalvorada.com.br\/site\/wp-json\/wp\/v2\/types\/post"}],"author":[{"embeddable":true,"href":"https:\/\/jornaloalvorada.com.br\/site\/wp-json\/wp\/v2\/users\/1"}],"replies":[{"embeddable":true,"href":"https:\/\/jornaloalvorada.com.br\/site\/wp-json\/wp\/v2\/comments?post=6472"}],"version-history":[{"count":1,"href":"https:\/\/jornaloalvorada.com.br\/site\/wp-json\/wp\/v2\/posts\/6472\/revisions"}],"predecessor-version":[{"id":6473,"href":"https:\/\/jornaloalvorada.com.br\/site\/wp-json\/wp\/v2\/posts\/6472\/revisions\/6473"}],"wp:featuredmedia":[{"embeddable":true,"href":"https:\/\/jornaloalvorada.com.br\/site\/wp-json\/wp\/v2\/media\/5914"}],"wp:attachment":[{"href":"https:\/\/jornaloalvorada.com.br\/site\/wp-json\/wp\/v2\/media?parent=6472"}],"wp:term":[{"taxonomy":"category","embeddable":true,"href":"https:\/\/jornaloalvorada.com.br\/site\/wp-json\/wp\/v2\/categories?post=6472"},{"taxonomy":"post_tag","embeddable":true,"href":"https:\/\/jornaloalvorada.com.br\/site\/wp-json\/wp\/v2\/tags?post=6472"}],"curies":[{"name":"wp","href":"https:\/\/api.w.org\/{rel}","templated":true}]}}