{"id":6470,"date":"2024-06-11T08:16:45","date_gmt":"2024-06-11T12:16:45","guid":{"rendered":"https:\/\/jornaloalvorada.com.br\/site\/?p=6470"},"modified":"2024-06-11T08:16:57","modified_gmt":"2024-06-11T12:16:57","slug":"terca-feira-tem-previsao-de-tempo-quente-e-seco-no-estado-e-condicoes-climaticas-exigem-atencao","status":"publish","type":"post","link":"https:\/\/jornaloalvorada.com.br\/site\/2024\/06\/11\/terca-feira-tem-previsao-de-tempo-quente-e-seco-no-estado-e-condicoes-climaticas-exigem-atencao\/","title":{"rendered":"Ter\u00e7a-feira tem previs\u00e3o de tempo quente e seco no Estado e condi\u00e7\u00f5es clim\u00e1ticas exigem aten\u00e7\u00e3o"},"content":{"rendered":"\n<p>Para esta ter\u00e7a-feira (11), a previs\u00e3o indica tempo est\u00e1vel, com sol e poucas nuvens em Mato Grosso do Sul. De acordo com o Cemtec (Centro de Monitoramento do Tempo e do Clima), ainda s\u00e3o esperados baixos valores de umidade relativa do ar, entre 15% e 35%, com destaque para as regi\u00f5es sudoeste, Pantanal e norte.<\/p>\n\n\n\n<p>Isso ocorre devido a atua\u00e7\u00e3o de uma alta press\u00e3o atmosf\u00e9rica que inibe a forma\u00e7\u00e3o de nuvens e favorece o tempo quente e seco. \u201cAs condi\u00e7\u00f5es meteorol\u00f3gicas previstas tornam o ambiente atmosf\u00e9rico prop\u00edcio para ocorr\u00eancia de inc\u00eandios florestais e recomenda-se que a popula\u00e7\u00e3o n\u00e3o coloque fogo em nenhuma situa\u00e7\u00e3o\u201d, explica o Cemtec.<\/p>\n\n\n\n<p>Campo Grande tem m\u00ednima prevista de 19\u00b0C e m\u00e1xima de 31\u00b0C. Dourados marca 18\u00b0C inicialmente e chega aos 32\u00b0C ao longo do dia. Na regi\u00e3o sul, Ponta Por\u00e3 e Iguatemi amanhecem com 18\u00b0C e atingem m\u00e1ximas de 29\u00b0C e 32\u00b0C, respectivamente.<\/p>\n\n\n\n<p>No Bols\u00e3o, Parana\u00edba apresenta varia\u00e7\u00e3o entre 15\u00b0C e 32\u00b0C, j\u00e1 Tr\u00eas Lagoas tem m\u00ednima de 17\u00b0C e m\u00e1xima de 32\u00b0C. Em Coxim, na regi\u00e3o Norte, os term\u00f4metros registram 15\u00b0C no in\u00edcio desta ter\u00e7a-feira e chegam aos 34\u00b0C nos hor\u00e1rios mais quentes do dia.<\/p>\n\n\n\n<p>Na regi\u00e3o pantaneira, Aquidauana e Corumb\u00e1 marcam m\u00e1ximas semelhantes de 34\u00b0C, com m\u00ednimas de 17\u00b0C e 22\u00b0C, respectivamente. Porto Murtinho, no Sudoeste do Estado, apresenta 20\u00b0C pela manh\u00e3 e 35\u00b0C \u00e0 tarde.<\/p>\n\n\n\n<p><em>Heloisa Duim, Programa de Est\u00e1gio Supervisionado<br>Foto: Bruno Rezende<\/em><\/p>\n","protected":false},"excerpt":{"rendered":"<p>Para esta ter\u00e7a-feira (11), a previs\u00e3o indica tempo est\u00e1vel, com sol e poucas nuvens em Mato Grosso do Sul. De<\/p>\n","protected":false},"author":1,"featured_media":5205,"comment_status":"open","ping_status":"open","sticky":false,"template":"","format":"standard","meta":{"footnotes":""},"categories":[2],"tags":[],"class_list":["post-6470","post","type-post","status-publish","format-standard","has-post-thumbnail","hentry","category-noticias"],"_links":{"self":[{"href":"https:\/\/jornaloalvorada.com.br\/site\/wp-json\/wp\/v2\/posts\/6470","targetHints":{"allow":["GET"]}}],"collection":[{"href":"https:\/\/jornaloalvorada.com.br\/site\/wp-json\/wp\/v2\/posts"}],"about":[{"href":"https:\/\/jornaloalvorada.com.br\/site\/wp-json\/wp\/v2\/types\/post"}],"author":[{"embeddable":true,"href":"https:\/\/jornaloalvorada.com.br\/site\/wp-json\/wp\/v2\/users\/1"}],"replies":[{"embeddable":true,"href":"https:\/\/jornaloalvorada.com.br\/site\/wp-json\/wp\/v2\/comments?post=6470"}],"version-history":[{"count":1,"href":"https:\/\/jornaloalvorada.com.br\/site\/wp-json\/wp\/v2\/posts\/6470\/revisions"}],"predecessor-version":[{"id":6471,"href":"https:\/\/jornaloalvorada.com.br\/site\/wp-json\/wp\/v2\/posts\/6470\/revisions\/6471"}],"wp:featuredmedia":[{"embeddable":true,"href":"https:\/\/jornaloalvorada.com.br\/site\/wp-json\/wp\/v2\/media\/5205"}],"wp:attachment":[{"href":"https:\/\/jornaloalvorada.com.br\/site\/wp-json\/wp\/v2\/media?parent=6470"}],"wp:term":[{"taxonomy":"category","embeddable":true,"href":"https:\/\/jornaloalvorada.com.br\/site\/wp-json\/wp\/v2\/categories?post=6470"},{"taxonomy":"post_tag","embeddable":true,"href":"https:\/\/jornaloalvorada.com.br\/site\/wp-json\/wp\/v2\/tags?post=6470"}],"curies":[{"name":"wp","href":"https:\/\/api.w.org\/{rel}","templated":true}]}}