{"id":6458,"date":"2024-06-10T11:02:57","date_gmt":"2024-06-10T15:02:57","guid":{"rendered":"https:\/\/jornaloalvorada.com.br\/site\/?p=6458"},"modified":"2024-06-10T11:03:01","modified_gmt":"2024-06-10T15:03:01","slug":"equipe-de-nova-alvorada-do-sul-e-finalista-do-campeonato-estadual-escolar-de-volei-de-areia","status":"publish","type":"post","link":"https:\/\/jornaloalvorada.com.br\/site\/2024\/06\/10\/equipe-de-nova-alvorada-do-sul-e-finalista-do-campeonato-estadual-escolar-de-volei-de-areia\/","title":{"rendered":"Equipe de Nova Alvorada do Sul \u00e9 finalista do campeonato estadual escolar de v\u00f4lei de areia"},"content":{"rendered":"\n<p>Equipe de Nova Alvorada do Sul est\u00e1 na grande final do campeonato estadual escolar de v\u00f4lei de areia e pode conquistar o t\u00edtulo in\u00e9dito para nosso munic\u00edpio e representar o estado nos jogos brasileiros.<\/p>\n","protected":false},"excerpt":{"rendered":"<p>Equipe de Nova Alvorada do Sul est\u00e1 na grande final do campeonato estadual escolar de v\u00f4lei de areia e pode<\/p>\n","protected":false},"author":1,"featured_media":6459,"comment_status":"open","ping_status":"open","sticky":false,"template":"","format":"standard","meta":{"footnotes":""},"categories":[2],"tags":[],"class_list":["post-6458","post","type-post","status-publish","format-standard","has-post-thumbnail","hentry","category-noticias"],"_links":{"self":[{"href":"https:\/\/jornaloalvorada.com.br\/site\/wp-json\/wp\/v2\/posts\/6458","targetHints":{"allow":["GET"]}}],"collection":[{"href":"https:\/\/jornaloalvorada.com.br\/site\/wp-json\/wp\/v2\/posts"}],"about":[{"href":"https:\/\/jornaloalvorada.com.br\/site\/wp-json\/wp\/v2\/types\/post"}],"author":[{"embeddable":true,"href":"https:\/\/jornaloalvorada.com.br\/site\/wp-json\/wp\/v2\/users\/1"}],"replies":[{"embeddable":true,"href":"https:\/\/jornaloalvorada.com.br\/site\/wp-json\/wp\/v2\/comments?post=6458"}],"version-history":[{"count":1,"href":"https:\/\/jornaloalvorada.com.br\/site\/wp-json\/wp\/v2\/posts\/6458\/revisions"}],"predecessor-version":[{"id":6460,"href":"https:\/\/jornaloalvorada.com.br\/site\/wp-json\/wp\/v2\/posts\/6458\/revisions\/6460"}],"wp:featuredmedia":[{"embeddable":true,"href":"https:\/\/jornaloalvorada.com.br\/site\/wp-json\/wp\/v2\/media\/6459"}],"wp:attachment":[{"href":"https:\/\/jornaloalvorada.com.br\/site\/wp-json\/wp\/v2\/media?parent=6458"}],"wp:term":[{"taxonomy":"category","embeddable":true,"href":"https:\/\/jornaloalvorada.com.br\/site\/wp-json\/wp\/v2\/categories?post=6458"},{"taxonomy":"post_tag","embeddable":true,"href":"https:\/\/jornaloalvorada.com.br\/site\/wp-json\/wp\/v2\/tags?post=6458"}],"curies":[{"name":"wp","href":"https:\/\/api.w.org\/{rel}","templated":true}]}}