{"id":6450,"date":"2024-06-10T10:38:50","date_gmt":"2024-06-10T14:38:50","guid":{"rendered":"https:\/\/jornaloalvorada.com.br\/site\/?p=6450"},"modified":"2024-06-10T10:38:54","modified_gmt":"2024-06-10T14:38:54","slug":"administracao-municipal-realiza-curso-de-panificacao-no-distrito-pana","status":"publish","type":"post","link":"https:\/\/jornaloalvorada.com.br\/site\/2024\/06\/10\/administracao-municipal-realiza-curso-de-panificacao-no-distrito-pana\/","title":{"rendered":"Administra\u00e7\u00e3o Municipal realiza Curso de Panifica\u00e7\u00e3o no Distrito Pana"},"content":{"rendered":"\n<p>O curso foi realizado atrav\u00e9s da pareceria da Administra\u00e7\u00e3o Municipal, por meio da Secretaria de Desenvolvimento Econ\u00f4mico e Meio Ambiente, Sala do Empreendedor e SEBRAE\/MS atrav\u00e9s do Programa Cidade Empreendedora.<\/p>\n\n\n\n<figure class=\"wp-block-image size-large is-resized\"><img loading=\"lazy\" decoding=\"async\" width=\"768\" height=\"1024\" src=\"https:\/\/jornaloalvorada.com.br\/site\/wp-content\/uploads\/2024\/06\/image-2-768x1024.png\" alt=\"\" class=\"wp-image-6452\" style=\"width:858px;height:auto\" srcset=\"https:\/\/jornaloalvorada.com.br\/site\/wp-content\/uploads\/2024\/06\/image-2-768x1024.png 768w, https:\/\/jornaloalvorada.com.br\/site\/wp-content\/uploads\/2024\/06\/image-2-225x300.png 225w, https:\/\/jornaloalvorada.com.br\/site\/wp-content\/uploads\/2024\/06\/image-2.png 960w\" sizes=\"auto, (max-width: 768px) 100vw, 768px\" \/><\/figure>\n\n\n\n<figure class=\"wp-block-image size-large\"><img loading=\"lazy\" decoding=\"async\" width=\"1024\" height=\"768\" src=\"https:\/\/jornaloalvorada.com.br\/site\/wp-content\/uploads\/2024\/06\/image-3-1024x768.png\" alt=\"\" class=\"wp-image-6453\" srcset=\"https:\/\/jornaloalvorada.com.br\/site\/wp-content\/uploads\/2024\/06\/image-3-1024x768.png 1024w, https:\/\/jornaloalvorada.com.br\/site\/wp-content\/uploads\/2024\/06\/image-3-300x225.png 300w, https:\/\/jornaloalvorada.com.br\/site\/wp-content\/uploads\/2024\/06\/image-3-768x576.png 768w, https:\/\/jornaloalvorada.com.br\/site\/wp-content\/uploads\/2024\/06\/image-3.png 1280w\" sizes=\"auto, (max-width: 1024px) 100vw, 1024px\" \/><\/figure>\n","protected":false},"excerpt":{"rendered":"<p>O curso foi realizado atrav\u00e9s da pareceria da Administra\u00e7\u00e3o Municipal, por meio da Secretaria de Desenvolvimento Econ\u00f4mico e Meio Ambiente,<\/p>\n","protected":false},"author":1,"featured_media":6451,"comment_status":"open","ping_status":"open","sticky":false,"template":"","format":"standard","meta":{"footnotes":""},"categories":[2],"tags":[],"class_list":["post-6450","post","type-post","status-publish","format-standard","has-post-thumbnail","hentry","category-noticias"],"_links":{"self":[{"href":"https:\/\/jornaloalvorada.com.br\/site\/wp-json\/wp\/v2\/posts\/6450","targetHints":{"allow":["GET"]}}],"collection":[{"href":"https:\/\/jornaloalvorada.com.br\/site\/wp-json\/wp\/v2\/posts"}],"about":[{"href":"https:\/\/jornaloalvorada.com.br\/site\/wp-json\/wp\/v2\/types\/post"}],"author":[{"embeddable":true,"href":"https:\/\/jornaloalvorada.com.br\/site\/wp-json\/wp\/v2\/users\/1"}],"replies":[{"embeddable":true,"href":"https:\/\/jornaloalvorada.com.br\/site\/wp-json\/wp\/v2\/comments?post=6450"}],"version-history":[{"count":1,"href":"https:\/\/jornaloalvorada.com.br\/site\/wp-json\/wp\/v2\/posts\/6450\/revisions"}],"predecessor-version":[{"id":6454,"href":"https:\/\/jornaloalvorada.com.br\/site\/wp-json\/wp\/v2\/posts\/6450\/revisions\/6454"}],"wp:featuredmedia":[{"embeddable":true,"href":"https:\/\/jornaloalvorada.com.br\/site\/wp-json\/wp\/v2\/media\/6451"}],"wp:attachment":[{"href":"https:\/\/jornaloalvorada.com.br\/site\/wp-json\/wp\/v2\/media?parent=6450"}],"wp:term":[{"taxonomy":"category","embeddable":true,"href":"https:\/\/jornaloalvorada.com.br\/site\/wp-json\/wp\/v2\/categories?post=6450"},{"taxonomy":"post_tag","embeddable":true,"href":"https:\/\/jornaloalvorada.com.br\/site\/wp-json\/wp\/v2\/tags?post=6450"}],"curies":[{"name":"wp","href":"https:\/\/api.w.org\/{rel}","templated":true}]}}