{"id":6441,"date":"2024-06-10T09:20:19","date_gmt":"2024-06-10T13:20:19","guid":{"rendered":"https:\/\/jornaloalvorada.com.br\/site\/?p=6441"},"modified":"2024-06-10T09:20:22","modified_gmt":"2024-06-10T13:20:22","slug":"prefeitura-comunica-que-diversas-ruas-do-bairro-maria-de-lourdes-receberao-capa-asfaltica","status":"publish","type":"post","link":"https:\/\/jornaloalvorada.com.br\/site\/2024\/06\/10\/prefeitura-comunica-que-diversas-ruas-do-bairro-maria-de-lourdes-receberao-capa-asfaltica\/","title":{"rendered":"Prefeitura comunica que diversas ruas do Bairro Maria de Lourdes receber\u00e3o capa asf\u00e1ltica"},"content":{"rendered":"\n<p>A Administra\u00e7\u00e3o Municipal, comunica que nos pr\u00f3ximos dias, diversas ruas do Bairro Maria de Lourdes receber\u00e3o a capa asf\u00e1ltica e pede mais uma vez a compreens\u00e3o e parceria da popula\u00e7\u00e3o para n\u00e3o cavar buracos e n\u00e3o jogar produtos ou galhos nas vias.<\/p>\n\n\n\n<p>Contamos com o apoio de todos e em breve mais um bairro de Nova Alvorada do Sul ser\u00e1 contemplado com o t\u00e3o sonhado asfalto.<\/p>\n","protected":false},"excerpt":{"rendered":"<p>A Administra\u00e7\u00e3o Municipal, comunica que nos pr\u00f3ximos dias, diversas ruas do Bairro Maria de Lourdes receber\u00e3o a capa asf\u00e1ltica e<\/p>\n","protected":false},"author":1,"featured_media":6442,"comment_status":"open","ping_status":"open","sticky":false,"template":"","format":"standard","meta":{"footnotes":""},"categories":[2],"tags":[],"class_list":["post-6441","post","type-post","status-publish","format-standard","has-post-thumbnail","hentry","category-noticias"],"_links":{"self":[{"href":"https:\/\/jornaloalvorada.com.br\/site\/wp-json\/wp\/v2\/posts\/6441","targetHints":{"allow":["GET"]}}],"collection":[{"href":"https:\/\/jornaloalvorada.com.br\/site\/wp-json\/wp\/v2\/posts"}],"about":[{"href":"https:\/\/jornaloalvorada.com.br\/site\/wp-json\/wp\/v2\/types\/post"}],"author":[{"embeddable":true,"href":"https:\/\/jornaloalvorada.com.br\/site\/wp-json\/wp\/v2\/users\/1"}],"replies":[{"embeddable":true,"href":"https:\/\/jornaloalvorada.com.br\/site\/wp-json\/wp\/v2\/comments?post=6441"}],"version-history":[{"count":1,"href":"https:\/\/jornaloalvorada.com.br\/site\/wp-json\/wp\/v2\/posts\/6441\/revisions"}],"predecessor-version":[{"id":6443,"href":"https:\/\/jornaloalvorada.com.br\/site\/wp-json\/wp\/v2\/posts\/6441\/revisions\/6443"}],"wp:featuredmedia":[{"embeddable":true,"href":"https:\/\/jornaloalvorada.com.br\/site\/wp-json\/wp\/v2\/media\/6442"}],"wp:attachment":[{"href":"https:\/\/jornaloalvorada.com.br\/site\/wp-json\/wp\/v2\/media?parent=6441"}],"wp:term":[{"taxonomy":"category","embeddable":true,"href":"https:\/\/jornaloalvorada.com.br\/site\/wp-json\/wp\/v2\/categories?post=6441"},{"taxonomy":"post_tag","embeddable":true,"href":"https:\/\/jornaloalvorada.com.br\/site\/wp-json\/wp\/v2\/tags?post=6441"}],"curies":[{"name":"wp","href":"https:\/\/api.w.org\/{rel}","templated":true}]}}