{"id":6433,"date":"2024-06-07T09:20:32","date_gmt":"2024-06-07T13:20:32","guid":{"rendered":"https:\/\/jornaloalvorada.com.br\/site\/?p=6433"},"modified":"2024-06-07T09:20:36","modified_gmt":"2024-06-07T13:20:36","slug":"prefeitura-de-nova-alvorada-do-sul-inicia-instalacao-de-abrigo-de-onibus-com-estrutura-metalica","status":"publish","type":"post","link":"https:\/\/jornaloalvorada.com.br\/site\/2024\/06\/07\/prefeitura-de-nova-alvorada-do-sul-inicia-instalacao-de-abrigo-de-onibus-com-estrutura-metalica\/","title":{"rendered":"Prefeitura de Nova Alvorada do Sul inicia instala\u00e7\u00e3o de abrigo de \u00f4nibus com estrutura met\u00e1lica"},"content":{"rendered":"\n<p>A Prefeitura Municipal iniciou nesta semana a instala\u00e7\u00e3o de abrigo de \u00f4nibus, com estrutura met\u00e1lica nos bairros de Nova Alvorada do Sul.<\/p>\n\n\n\n<p>A instala\u00e7\u00e3o dos abrigos garantir\u00e1 mais seguran\u00e7a, conforto e praticidade aos alunos e trabalhadores que fazem utiliza\u00e7\u00e3o de transporte coletivo no munic\u00edpio. Nesta quarta, a prefeitura iniciou a substitui\u00e7\u00e3o da antiga estrutura de um dos pontos de \u00f4nibus do bairro Vacilio Dias, pela nova estrutura, maior e mais moderna.<\/p>\n\n\n\n<p>Durante a instala\u00e7\u00e3o, o Prefeito Jos\u00e9 Paulo Paleari ressaltou a import\u00e2ncia do projeto para a comunidade.<\/p>\n\n\n\n<p>&#8220;A prefeitura est\u00e1 investindo na moderniza\u00e7\u00e3o da infraestrutura urbana para oferecer mais qualidade de vida aos nossos cidad\u00e3os&#8221;, afirmou o Prefeito. &#8220;Os novos abrigos de \u00f4nibus proporcionar\u00e3o mais seguran\u00e7a e conforto aos alunos, trabalhadores e demais usu\u00e1rios do transporte coletivo, especialmente durante os dias de chuva e sol forte.&#8221;<\/p>\n","protected":false},"excerpt":{"rendered":"<p>A Prefeitura Municipal iniciou nesta semana a instala\u00e7\u00e3o de abrigo de \u00f4nibus, com estrutura met\u00e1lica nos bairros de Nova Alvorada<\/p>\n","protected":false},"author":1,"featured_media":6434,"comment_status":"open","ping_status":"open","sticky":false,"template":"","format":"standard","meta":{"footnotes":""},"categories":[2],"tags":[],"class_list":["post-6433","post","type-post","status-publish","format-standard","has-post-thumbnail","hentry","category-noticias"],"_links":{"self":[{"href":"https:\/\/jornaloalvorada.com.br\/site\/wp-json\/wp\/v2\/posts\/6433","targetHints":{"allow":["GET"]}}],"collection":[{"href":"https:\/\/jornaloalvorada.com.br\/site\/wp-json\/wp\/v2\/posts"}],"about":[{"href":"https:\/\/jornaloalvorada.com.br\/site\/wp-json\/wp\/v2\/types\/post"}],"author":[{"embeddable":true,"href":"https:\/\/jornaloalvorada.com.br\/site\/wp-json\/wp\/v2\/users\/1"}],"replies":[{"embeddable":true,"href":"https:\/\/jornaloalvorada.com.br\/site\/wp-json\/wp\/v2\/comments?post=6433"}],"version-history":[{"count":1,"href":"https:\/\/jornaloalvorada.com.br\/site\/wp-json\/wp\/v2\/posts\/6433\/revisions"}],"predecessor-version":[{"id":6435,"href":"https:\/\/jornaloalvorada.com.br\/site\/wp-json\/wp\/v2\/posts\/6433\/revisions\/6435"}],"wp:featuredmedia":[{"embeddable":true,"href":"https:\/\/jornaloalvorada.com.br\/site\/wp-json\/wp\/v2\/media\/6434"}],"wp:attachment":[{"href":"https:\/\/jornaloalvorada.com.br\/site\/wp-json\/wp\/v2\/media?parent=6433"}],"wp:term":[{"taxonomy":"category","embeddable":true,"href":"https:\/\/jornaloalvorada.com.br\/site\/wp-json\/wp\/v2\/categories?post=6433"},{"taxonomy":"post_tag","embeddable":true,"href":"https:\/\/jornaloalvorada.com.br\/site\/wp-json\/wp\/v2\/tags?post=6433"}],"curies":[{"name":"wp","href":"https:\/\/api.w.org\/{rel}","templated":true}]}}