{"id":6427,"date":"2024-06-07T09:15:24","date_gmt":"2024-06-07T13:15:24","guid":{"rendered":"https:\/\/jornaloalvorada.com.br\/site\/?p=6427"},"modified":"2024-06-07T09:15:27","modified_gmt":"2024-06-07T13:15:27","slug":"7a-edicao-da-festa-do-queijo-do-distrito-de-rochedinho-e-neste-sabado-8","status":"publish","type":"post","link":"https:\/\/jornaloalvorada.com.br\/site\/2024\/06\/07\/7a-edicao-da-festa-do-queijo-do-distrito-de-rochedinho-e-neste-sabado-8\/","title":{"rendered":"7\u00aa edi\u00e7\u00e3o da Festa do Queijo do Distrito de Rochedinho \u00e9 neste s\u00e1bado (8)"},"content":{"rendered":"\n<p>Falta apenas um dia para a 7\u00aa edi\u00e7\u00e3o da Festa do Queijo do Distrito de Rochedinho. O evento ser\u00e1 neste s\u00e1bado, 8 de junho, a partir das 16h, na Pra\u00e7a de Rochedinho, localizada na Rua Guia Lopes, s\/n. A estimativa \u00e9 que mais 8 mil pessoas passem pelo local este ano para comer as del\u00edcias do leite e dan\u00e7ar muito ao som do mod\u00e3o da dupla Gilson &amp; J\u00fanior e do grupo Alma Serrana.<\/p>\n\n\n\n<p>Mais de 50 empreendedores e produtores da regi\u00e3o est\u00e3o confirmados para a festa. Nas barraquinhas haver\u00e1 muitos queijos e derivados do leite, al\u00e9m de diversos outros quitutes. Uma pra\u00e7a de alimenta\u00e7\u00e3o com as mais guloseimas que v\u00e3o do cachorro-quente ao churrasco de ch\u00e3o tamb\u00e9m estar\u00e1 preparada para receber a popula\u00e7\u00e3o. Haver\u00e1 ainda food trucks com pratos variados e bebidas, como churros, acaraj\u00e9, drinks e o delicioso chopp pilsen.<\/p>\n\n\n\n<p>\u201cA Prefeitura est\u00e1 preparando mais uma edi\u00e7\u00e3o deste evento que j\u00e1 \u00e9 tradicional e que potencializa a economia da Capital, em especial de Rochedinho. O evento gera oportunidades de renda para os m\u00e9dios e pequenos produtores da regi\u00e3o\u201d, afirma a prefeita de Campo Grande, Adriane Lopes.<\/p>\n\n\n\n<p>Para as crian\u00e7as haver\u00e1 um espa\u00e7o com brinquedos infl\u00e1veis e pula-pula. A secret\u00e1ria Municipal de Cultura e Turismo (Sectur) Mara Beth\u00e2nia Gurgel deixa o recado para os adultos que buscam divers\u00e3o. \u201cA Festa do Queijo, que j\u00e1 \u00e9 tradi\u00e7\u00e3o em Rochedinho, agrega o que h\u00e1 de melhor em um evento cultural e tur\u00edstico. \u00c9 uma ocasi\u00e3o que valoriza a gastronomia local, o artesanato, que movimenta a economia do distrito e oferece m\u00fasica e entretenimento para todos que participam. Nesta 7\u00aa edi\u00e7\u00e3o contaremos com a participa\u00e7\u00e3o da dupla Gilson e Junior e fechamos a noite com o grupo Alma Serrana. \u00c9 uma oportunidade \u00edmpar para mostrarmos o potencial da regi\u00e3o e valorizarmos os produtores locais\u201d, diz.<\/p>\n\n\n\n<figure class=\"wp-block-image\"><img decoding=\"async\" src=\"https:\/\/prefcg-repositorio.campogrande.ms.gov.br\/wp-cdn\/uploads\/sites\/3\/2024\/06\/230513_6a-FESTA-DO-QUEIJO_SECTUR_ROBERTO-AJALA-45.jpg\" alt=\"\"\/><\/figure>\n\n\n\n<p>O subprefeito de Rochedinho, Silvio Santos, frisa o convite e pede a todos para n\u00e3o deixarem de ir na festa. \u201cQuero convidar a todos para a 7\u00aa Festa do Queijo do Distrito de Rochedinho. Vamos fazer uma festa mais bonita do que foi a do ano passado e quem sabe superar o n\u00famero de visitantes. Vai ser dia 8 de junho, a partir das 16 horas. Podem chamar os amigos, porque a festa vai ser boa demais\u201d, diz.<\/p>\n\n\n\n<p>A 7\u00aa edi\u00e7\u00e3o da Festa do Queijo do Distrito de Rochedinho \u00e9 organizada pela Secretaria Municipal de Inova\u00e7\u00e3o, Desenvolvimento Econ\u00f4mico e Agroneg\u00f3cio (Sidagro), Secretaria Municipal de Cultura e Turismo (Sectur) e pela Subprefeitura de Rochedinho.<\/p>\n\n\n\n<p><strong>Servi\u00e7o:<\/strong><\/p>\n\n\n\n<p>7\u00aa edi\u00e7\u00e3o da Festa do Queijo do Distrito de Rochedinho<\/p>\n\n\n\n<ul class=\"wp-block-list\">\n<li>Quando: 8 de junho (s\u00e1bado)<\/li>\n\n\n\n<li>Horas: a partir das 16h<\/li>\n\n\n\n<li>Onde: Pra\u00e7a de Rochedinho, localizada na Rua Guia Lopes, s\/n.<\/li>\n<\/ul>\n","protected":false},"excerpt":{"rendered":"<p>Falta apenas um dia para a 7\u00aa edi\u00e7\u00e3o da Festa do Queijo do Distrito de Rochedinho. O evento ser\u00e1 neste<\/p>\n","protected":false},"author":1,"featured_media":6428,"comment_status":"open","ping_status":"open","sticky":false,"template":"","format":"standard","meta":{"footnotes":""},"categories":[2],"tags":[],"class_list":["post-6427","post","type-post","status-publish","format-standard","has-post-thumbnail","hentry","category-noticias"],"_links":{"self":[{"href":"https:\/\/jornaloalvorada.com.br\/site\/wp-json\/wp\/v2\/posts\/6427","targetHints":{"allow":["GET"]}}],"collection":[{"href":"https:\/\/jornaloalvorada.com.br\/site\/wp-json\/wp\/v2\/posts"}],"about":[{"href":"https:\/\/jornaloalvorada.com.br\/site\/wp-json\/wp\/v2\/types\/post"}],"author":[{"embeddable":true,"href":"https:\/\/jornaloalvorada.com.br\/site\/wp-json\/wp\/v2\/users\/1"}],"replies":[{"embeddable":true,"href":"https:\/\/jornaloalvorada.com.br\/site\/wp-json\/wp\/v2\/comments?post=6427"}],"version-history":[{"count":1,"href":"https:\/\/jornaloalvorada.com.br\/site\/wp-json\/wp\/v2\/posts\/6427\/revisions"}],"predecessor-version":[{"id":6429,"href":"https:\/\/jornaloalvorada.com.br\/site\/wp-json\/wp\/v2\/posts\/6427\/revisions\/6429"}],"wp:featuredmedia":[{"embeddable":true,"href":"https:\/\/jornaloalvorada.com.br\/site\/wp-json\/wp\/v2\/media\/6428"}],"wp:attachment":[{"href":"https:\/\/jornaloalvorada.com.br\/site\/wp-json\/wp\/v2\/media?parent=6427"}],"wp:term":[{"taxonomy":"category","embeddable":true,"href":"https:\/\/jornaloalvorada.com.br\/site\/wp-json\/wp\/v2\/categories?post=6427"},{"taxonomy":"post_tag","embeddable":true,"href":"https:\/\/jornaloalvorada.com.br\/site\/wp-json\/wp\/v2\/tags?post=6427"}],"curies":[{"name":"wp","href":"https:\/\/api.w.org\/{rel}","templated":true}]}}