{"id":6420,"date":"2024-06-05T15:13:24","date_gmt":"2024-06-05T19:13:24","guid":{"rendered":"https:\/\/jornaloalvorada.com.br\/site\/?p=6420"},"modified":"2024-06-05T15:13:27","modified_gmt":"2024-06-05T19:13:27","slug":"o-tempo-passa-rapido-e-maracaju-esta-comemorando-100-anos","status":"publish","type":"post","link":"https:\/\/jornaloalvorada.com.br\/site\/2024\/06\/05\/o-tempo-passa-rapido-e-maracaju-esta-comemorando-100-anos\/","title":{"rendered":"&#8220;O tempo passa r\u00e1pido. E Maracaju est\u00e1 comemorando 100 anos&#8221;."},"content":{"rendered":"\n<p>Essa c\u00e1psula\u00a0 do tempo vai guardar mem\u00f3rias, compromissos e inten\u00e7\u00f5es para o pr\u00f3ximo centen\u00e1rio.\u00a0\u00a0<\/p>\n\n\n\n<p>O futuro a Deus pertence, mas o presente \u00e9 a gente que faz!<\/p>\n","protected":false},"excerpt":{"rendered":"<p>Essa c\u00e1psula\u00a0 do tempo vai guardar mem\u00f3rias, compromissos e inten\u00e7\u00f5es para o pr\u00f3ximo centen\u00e1rio.\u00a0\u00a0 O futuro a Deus pertence, mas<\/p>\n","protected":false},"author":1,"featured_media":6421,"comment_status":"open","ping_status":"open","sticky":false,"template":"","format":"standard","meta":{"footnotes":""},"categories":[2],"tags":[],"class_list":["post-6420","post","type-post","status-publish","format-standard","has-post-thumbnail","hentry","category-noticias"],"_links":{"self":[{"href":"https:\/\/jornaloalvorada.com.br\/site\/wp-json\/wp\/v2\/posts\/6420","targetHints":{"allow":["GET"]}}],"collection":[{"href":"https:\/\/jornaloalvorada.com.br\/site\/wp-json\/wp\/v2\/posts"}],"about":[{"href":"https:\/\/jornaloalvorada.com.br\/site\/wp-json\/wp\/v2\/types\/post"}],"author":[{"embeddable":true,"href":"https:\/\/jornaloalvorada.com.br\/site\/wp-json\/wp\/v2\/users\/1"}],"replies":[{"embeddable":true,"href":"https:\/\/jornaloalvorada.com.br\/site\/wp-json\/wp\/v2\/comments?post=6420"}],"version-history":[{"count":1,"href":"https:\/\/jornaloalvorada.com.br\/site\/wp-json\/wp\/v2\/posts\/6420\/revisions"}],"predecessor-version":[{"id":6422,"href":"https:\/\/jornaloalvorada.com.br\/site\/wp-json\/wp\/v2\/posts\/6420\/revisions\/6422"}],"wp:featuredmedia":[{"embeddable":true,"href":"https:\/\/jornaloalvorada.com.br\/site\/wp-json\/wp\/v2\/media\/6421"}],"wp:attachment":[{"href":"https:\/\/jornaloalvorada.com.br\/site\/wp-json\/wp\/v2\/media?parent=6420"}],"wp:term":[{"taxonomy":"category","embeddable":true,"href":"https:\/\/jornaloalvorada.com.br\/site\/wp-json\/wp\/v2\/categories?post=6420"},{"taxonomy":"post_tag","embeddable":true,"href":"https:\/\/jornaloalvorada.com.br\/site\/wp-json\/wp\/v2\/tags?post=6420"}],"curies":[{"name":"wp","href":"https:\/\/api.w.org\/{rel}","templated":true}]}}