{"id":6414,"date":"2024-06-05T09:02:07","date_gmt":"2024-06-05T13:02:07","guid":{"rendered":"https:\/\/jornaloalvorada.com.br\/site\/?p=6414"},"modified":"2024-06-05T09:02:11","modified_gmt":"2024-06-05T13:02:11","slug":"prefeito-paleari-recebe-em-seu-gabinete-a-vereadora-andrea-fim","status":"publish","type":"post","link":"https:\/\/jornaloalvorada.com.br\/site\/2024\/06\/05\/prefeito-paleari-recebe-em-seu-gabinete-a-vereadora-andrea-fim\/","title":{"rendered":"Prefeito Paleari recebe em seu gabinete a vereadora Andrea Fim"},"content":{"rendered":"\n<p>Recebendo no gabinete a vereadora Andrea Fim e conversando um pouco sobre a nova lei que foi sancionada pela nossa gest\u00e3o, atendendo assim um pedido da nossa popula\u00e7\u00e3o atrav\u00e9s da vereadora, uma lei muito importante que institui a Rede Municipal de Atendimento \u00e0s mulheres em situa\u00e7\u00e3o de viol\u00eancia no Munic\u00edpio de Nova Alvorada do Sul-MS.<\/p>\n","protected":false},"excerpt":{"rendered":"<p>Recebendo no gabinete a vereadora Andrea Fim e conversando um pouco sobre a nova lei que foi sancionada pela nossa<\/p>\n","protected":false},"author":1,"featured_media":6415,"comment_status":"open","ping_status":"open","sticky":false,"template":"","format":"standard","meta":{"footnotes":""},"categories":[2],"tags":[],"class_list":["post-6414","post","type-post","status-publish","format-standard","has-post-thumbnail","hentry","category-noticias"],"_links":{"self":[{"href":"https:\/\/jornaloalvorada.com.br\/site\/wp-json\/wp\/v2\/posts\/6414","targetHints":{"allow":["GET"]}}],"collection":[{"href":"https:\/\/jornaloalvorada.com.br\/site\/wp-json\/wp\/v2\/posts"}],"about":[{"href":"https:\/\/jornaloalvorada.com.br\/site\/wp-json\/wp\/v2\/types\/post"}],"author":[{"embeddable":true,"href":"https:\/\/jornaloalvorada.com.br\/site\/wp-json\/wp\/v2\/users\/1"}],"replies":[{"embeddable":true,"href":"https:\/\/jornaloalvorada.com.br\/site\/wp-json\/wp\/v2\/comments?post=6414"}],"version-history":[{"count":1,"href":"https:\/\/jornaloalvorada.com.br\/site\/wp-json\/wp\/v2\/posts\/6414\/revisions"}],"predecessor-version":[{"id":6416,"href":"https:\/\/jornaloalvorada.com.br\/site\/wp-json\/wp\/v2\/posts\/6414\/revisions\/6416"}],"wp:featuredmedia":[{"embeddable":true,"href":"https:\/\/jornaloalvorada.com.br\/site\/wp-json\/wp\/v2\/media\/6415"}],"wp:attachment":[{"href":"https:\/\/jornaloalvorada.com.br\/site\/wp-json\/wp\/v2\/media?parent=6414"}],"wp:term":[{"taxonomy":"category","embeddable":true,"href":"https:\/\/jornaloalvorada.com.br\/site\/wp-json\/wp\/v2\/categories?post=6414"},{"taxonomy":"post_tag","embeddable":true,"href":"https:\/\/jornaloalvorada.com.br\/site\/wp-json\/wp\/v2\/tags?post=6414"}],"curies":[{"name":"wp","href":"https:\/\/api.w.org\/{rel}","templated":true}]}}