{"id":6407,"date":"2024-06-04T16:10:24","date_gmt":"2024-06-04T20:10:24","guid":{"rendered":"https:\/\/jornaloalvorada.com.br\/site\/?p=6407"},"modified":"2024-06-04T16:10:41","modified_gmt":"2024-06-04T20:10:41","slug":"agora-gas-de-cozinha-fica-mais-caro-a-partir-desta-terca-4-veja-valores","status":"publish","type":"post","link":"https:\/\/jornaloalvorada.com.br\/site\/2024\/06\/04\/agora-gas-de-cozinha-fica-mais-caro-a-partir-desta-terca-4-veja-valores\/","title":{"rendered":"AGORA: g\u00e1s de cozinha fica mais caro a partir desta ter\u00e7a (4); veja valores"},"content":{"rendered":"\n<p>O pre\u00e7o do g\u00e1s de cozinha na Para\u00edba ter\u00e1 um acr\u00e9scimo de R$ 5 a partir desta ter\u00e7a-feira (4), conforme informa\u00e7\u00f5es do Sindicato dos Revendedores de G\u00e1s GLP da Para\u00edba (Sinreg\u00e1s). O aumento tem como objetivo recompor os custos para as empresas do setor.<\/p>\n\n\n\n<p>De acordo com o sindicato, o botij\u00e3o de g\u00e1s de 13 kg sofrer\u00e1 um aumento de 5%, o que representa cerca de R$ 5 em compara\u00e7\u00e3o com os valores praticados atualmente no mercado. A expectativa \u00e9 que os pre\u00e7os fiquem em torno de R$ 110,00 \u00e0 vista e R$ 115,00 a prazo.<\/p>\n\n\n\n<p>Al\u00e9m da recomposi\u00e7\u00e3o dos custos para as empresas do ramo, o aumento tamb\u00e9m est\u00e1 relacionado \u00e0s disputas judiciais coletivas da categoria, aplicadas no m\u00eas de mar\u00e7o pelas revendedoras de g\u00e1s.<\/p>\n\n\n\n<p>Este \u00e9 o segundo reajuste no pre\u00e7o do g\u00e1s de cozinha em 2024. O primeiro ocorreu em janeiro, quando o sindicato aprovou um aumento de R$ 3 com base no retorno da cobran\u00e7a integral do PIS\/Cofins.<\/p>\n\n\n\n<p><strong><em>Fonte: Terra Brasil Not\u00edcias<\/em><\/strong><\/p>\n","protected":false},"excerpt":{"rendered":"<p>O pre\u00e7o do g\u00e1s de cozinha na Para\u00edba ter\u00e1 um acr\u00e9scimo de R$ 5 a partir desta ter\u00e7a-feira (4), conforme<\/p>\n","protected":false},"author":1,"featured_media":6408,"comment_status":"open","ping_status":"open","sticky":false,"template":"","format":"standard","meta":{"footnotes":""},"categories":[2],"tags":[],"class_list":["post-6407","post","type-post","status-publish","format-standard","has-post-thumbnail","hentry","category-noticias"],"_links":{"self":[{"href":"https:\/\/jornaloalvorada.com.br\/site\/wp-json\/wp\/v2\/posts\/6407","targetHints":{"allow":["GET"]}}],"collection":[{"href":"https:\/\/jornaloalvorada.com.br\/site\/wp-json\/wp\/v2\/posts"}],"about":[{"href":"https:\/\/jornaloalvorada.com.br\/site\/wp-json\/wp\/v2\/types\/post"}],"author":[{"embeddable":true,"href":"https:\/\/jornaloalvorada.com.br\/site\/wp-json\/wp\/v2\/users\/1"}],"replies":[{"embeddable":true,"href":"https:\/\/jornaloalvorada.com.br\/site\/wp-json\/wp\/v2\/comments?post=6407"}],"version-history":[{"count":1,"href":"https:\/\/jornaloalvorada.com.br\/site\/wp-json\/wp\/v2\/posts\/6407\/revisions"}],"predecessor-version":[{"id":6409,"href":"https:\/\/jornaloalvorada.com.br\/site\/wp-json\/wp\/v2\/posts\/6407\/revisions\/6409"}],"wp:featuredmedia":[{"embeddable":true,"href":"https:\/\/jornaloalvorada.com.br\/site\/wp-json\/wp\/v2\/media\/6408"}],"wp:attachment":[{"href":"https:\/\/jornaloalvorada.com.br\/site\/wp-json\/wp\/v2\/media?parent=6407"}],"wp:term":[{"taxonomy":"category","embeddable":true,"href":"https:\/\/jornaloalvorada.com.br\/site\/wp-json\/wp\/v2\/categories?post=6407"},{"taxonomy":"post_tag","embeddable":true,"href":"https:\/\/jornaloalvorada.com.br\/site\/wp-json\/wp\/v2\/tags?post=6407"}],"curies":[{"name":"wp","href":"https:\/\/api.w.org\/{rel}","templated":true}]}}