{"id":6403,"date":"2024-06-04T10:22:59","date_gmt":"2024-06-04T14:22:59","guid":{"rendered":"https:\/\/jornaloalvorada.com.br\/site\/?p=6403"},"modified":"2024-06-04T10:23:03","modified_gmt":"2024-06-04T14:23:03","slug":"caminhonete-roubada-em-minas-gerais-e-recuperada-em-nova-alvorada-do-sul","status":"publish","type":"post","link":"https:\/\/jornaloalvorada.com.br\/site\/2024\/06\/04\/caminhonete-roubada-em-minas-gerais-e-recuperada-em-nova-alvorada-do-sul\/","title":{"rendered":"Caminhonete roubada em Minas Gerais \u00e9 recuperada em Nova Alvorada do Sul"},"content":{"rendered":"\n<p>A PRF (Pol\u00edcia Rodovi\u00e1ria Federal) recuperou uma caminhonete, na tarde desse domingo (2), em Nova Alvorada do Sul.<\/p>\n\n\n\n<p>Os policiais rodovi\u00e1rios federais fiscalizavam na BR-267, quando abordaram um caminh\u00e3o guincho que transportava uma caminhonete Chevrolet\/S10. O motorista do caminh\u00e3o disse ter sido contratado pelos dois passageiros para transportar a caminhonete.<\/p>\n\n\n\n<p>Os outros dois homens disseram que levariam o ve\u00edculo para Ponta Por\u00e3. Em consulta aos sistemas, a equipe descobriu que a caminhonete possu\u00eda registro de furto, no interior de Minas Gerais.<\/p>\n\n\n\n<p>Os tr\u00eas homens foram encaminhados \u00e0 Pol\u00edcia Civil em Nova Alvorada do Sul, juntamente com os ve\u00edculos.<\/p>\n\n\n\n<p><strong><em>Fonte: M\u00eddia NAS<\/em><\/strong><\/p>\n","protected":false},"excerpt":{"rendered":"<p>A PRF (Pol\u00edcia Rodovi\u00e1ria Federal) recuperou uma caminhonete, na tarde desse domingo (2), em Nova Alvorada do Sul. Os policiais<\/p>\n","protected":false},"author":1,"featured_media":6404,"comment_status":"open","ping_status":"open","sticky":false,"template":"","format":"standard","meta":{"footnotes":""},"categories":[2],"tags":[],"class_list":["post-6403","post","type-post","status-publish","format-standard","has-post-thumbnail","hentry","category-noticias"],"_links":{"self":[{"href":"https:\/\/jornaloalvorada.com.br\/site\/wp-json\/wp\/v2\/posts\/6403","targetHints":{"allow":["GET"]}}],"collection":[{"href":"https:\/\/jornaloalvorada.com.br\/site\/wp-json\/wp\/v2\/posts"}],"about":[{"href":"https:\/\/jornaloalvorada.com.br\/site\/wp-json\/wp\/v2\/types\/post"}],"author":[{"embeddable":true,"href":"https:\/\/jornaloalvorada.com.br\/site\/wp-json\/wp\/v2\/users\/1"}],"replies":[{"embeddable":true,"href":"https:\/\/jornaloalvorada.com.br\/site\/wp-json\/wp\/v2\/comments?post=6403"}],"version-history":[{"count":1,"href":"https:\/\/jornaloalvorada.com.br\/site\/wp-json\/wp\/v2\/posts\/6403\/revisions"}],"predecessor-version":[{"id":6405,"href":"https:\/\/jornaloalvorada.com.br\/site\/wp-json\/wp\/v2\/posts\/6403\/revisions\/6405"}],"wp:featuredmedia":[{"embeddable":true,"href":"https:\/\/jornaloalvorada.com.br\/site\/wp-json\/wp\/v2\/media\/6404"}],"wp:attachment":[{"href":"https:\/\/jornaloalvorada.com.br\/site\/wp-json\/wp\/v2\/media?parent=6403"}],"wp:term":[{"taxonomy":"category","embeddable":true,"href":"https:\/\/jornaloalvorada.com.br\/site\/wp-json\/wp\/v2\/categories?post=6403"},{"taxonomy":"post_tag","embeddable":true,"href":"https:\/\/jornaloalvorada.com.br\/site\/wp-json\/wp\/v2\/tags?post=6403"}],"curies":[{"name":"wp","href":"https:\/\/api.w.org\/{rel}","templated":true}]}}