{"id":6381,"date":"2024-06-03T08:25:25","date_gmt":"2024-06-03T12:25:25","guid":{"rendered":"https:\/\/jornaloalvorada.com.br\/site\/?p=6381"},"modified":"2024-06-03T08:25:29","modified_gmt":"2024-06-03T12:25:29","slug":"carmen-lucia-toma-posse-como-presidente-do-tse-nesta-2a-feira","status":"publish","type":"post","link":"https:\/\/jornaloalvorada.com.br\/site\/2024\/06\/03\/carmen-lucia-toma-posse-como-presidente-do-tse-nesta-2a-feira\/","title":{"rendered":"C\u00e1rmen L\u00facia toma posse como presidente do TSE nesta 2\u00aa feira"},"content":{"rendered":"\n<p>A ministra do <a href=\"https:\/\/www.tse.jus.br\/\">TSE<\/a> (Tribunal Superior Eleitoral) e do STF (Supremo Tribunal Federal) C\u00e1rmen L\u00facia toma posse como presidente da Corte Eleitoral nesta 2\u00aa feira (3.jun.2024). A cerim\u00f4nia ser\u00e1 realizada na sede do TSE, \u00e0s 19h. O presidente <a href=\"https:\/\/monitor.poder360.com.br\/politicos-do-brasil\/929674\/LULA?ano=2022&amp;l=y\" target=\"_blank\" rel=\"noreferrer noopener\">Luiz In\u00e1cio Lula da Silva<\/a> (PT) <a href=\"https:\/\/www.poder360.com.br\/poder-flash\/lula-aceita-convite-para-a-posse-de-carmen-lucia-no-tse\/\">comparecer\u00e1<\/a> ao evento.<\/p>\n\n\n\n<p>C\u00e1rmen L\u00facia \u00e9, atualmente, vice-presidente da Corte Eleitoral. Substituir\u00e1 o ministro Alexandre de Moraes, que completa seu 2\u00ba bi\u00eanio. Quem assume seu lugar na vice-presid\u00eancia \u00e9 o ministro Nunes Marques, que tomar\u00e1 posse na mesma data.&nbsp;<\/p>\n\n\n\n<p>Ambos foram <a href=\"https:\/\/www.poder360.com.br\/justica\/carmen-lucia-e-eleita-presidente-do-tse\/\">eleitos<\/a> em 7 de maio. Por tradi\u00e7\u00e3o, assume a presid\u00eancia o ministro mais antigo da Corte. Seu mandato deve durar 2 anos, at\u00e9 2026. Na sess\u00e3o que a elegeu, Moraes parabenizou a ministra e disse ter <em>\u201ctranquilidade, felicidade e honra\u201d<\/em> em passar a cadeira para C\u00e1rmen L\u00facia. Disse tamb\u00e9m que a magistrada \u00e9<em> \u201cexemplar\u201d<\/em> e<em> \u201cbrilhante\u201d<\/em>.&nbsp;<\/p>\n\n\n\n<p>Esta n\u00e3o \u00e9 a 1\u00aa vez que C\u00e1rmen L\u00facia assume o cargo, j\u00e1 tendo presidido a Corte de abril de 2012 a novembro de 2013. Na ocasi\u00e3o, ela se tornou a 48\u00aa presidente do TSE, e a 1\u00aa mulher a ocupar o posto.<\/p>\n\n\n\n<h2 class=\"wp-block-heading\"><strong>COMPOSI\u00c7\u00c3O DO TRIBUNAL<\/strong><\/h2>\n\n\n\n<p>O TSE \u00e9 composto por 7 ministros, sendo 3 do STF, 2 do STJ (Superior Tribunal de Justi\u00e7a) e 2 advogados com not\u00f3rio saber jur\u00eddico. H\u00e1, ainda, igual n\u00famero de ministros substitutos nas respectivas categorias.<\/p>\n\n\n\n<p>A sa\u00edda de Moraes abre uma vaga no Tribunal. Quem assume como titular \u00e9 o ministro <a href=\"https:\/\/portal.stf.jus.br\/textos\/verTexto.asp?servico=bibliotecaConsultaProdutoBibliotecaPastaMinistro&amp;pagina=AndreMendoncaPrincipal\">Andr\u00e9 Mendon\u00e7a<\/a>, <a href=\"https:\/\/www.poder360.com.br\/brasil\/bolsonaro-oficializa-indicacao-de-andre-mendonca-para-vaga-no-stf\/\">indicado<\/a> ao <a href=\"https:\/\/portal.stf.jus.br\/\" target=\"_blank\" rel=\"noreferrer noopener\">STF<\/a> (Supremo Tribunal Federal) pelo ex-presidente <a href=\"https:\/\/www.poder360.com.br\/tag\/jair-bolsonaro\/\">Jair Bolsonaro<\/a> (PL).<\/p>\n\n\n\n<p>Segundo apurou o <strong>Poder360<\/strong>, a sa\u00edda de Moraes deve causar uma <a href=\"https:\/\/www.poder360.com.br\/justica\/saida-de-moraes-deve-alterar-perfil-politico-do-tse\/\">mudan\u00e7a procedimental <\/a>na Corte Eleitoral, mas n\u00e3o deve <em>\u201ccomprar brigas\u201d<\/em> em julgamentos que tratam de mandatos de deputados e senadores.&nbsp;<\/p>\n\n\n\n<h2 class=\"wp-block-heading\"><strong>ELEI\u00c7\u00d5ES DE 2024<\/strong><\/h2>\n\n\n\n<p>Uma das miss\u00f5es da magistrada \u00e0 frente do Tribunal Eleitoral ser\u00e1 comandar as elei\u00e7\u00f5es municipais de 2024. Ela deve dar sequ\u00eancia ao trabalho de combate \u00e0s <em>fake news<\/em>, tema sobre o qual se alinha a Moraes.<\/p>\n\n\n\n<p>Recentemente, a magistrada foi relatora de resolu\u00e7\u00f5es do TSE que devem reger o pleito deste ano, algumas das quais s\u00e3o focadas no combate \u00e0 desinforma\u00e7\u00e3o e uso de IA (Intelig\u00eancia Artificial) nas campanhas eleitorais e <a href=\"https:\/\/www.poder360.com.br\/justica\/tse-aprova-resolucao-que-responsabiliza-plataformas-por-fake-news\/\">responsabiliza\u00e7\u00e3o das <em>big techs<\/em><\/a>.&nbsp;<\/p>\n\n\n\n<h2 class=\"wp-block-heading\"><strong>QUEM \u00c9 C\u00c1RMEN L\u00daCIA<\/strong><\/h2>\n\n\n\n<p>A ministra nasceu em Montes Claros, ao norte de Minas Gerais, e completou 70 anos em abril. \u00c9 graduada em Direito pela PUC-MG (Pontif\u00edcia Universidade Cat\u00f3lica), universidade na qual tamb\u00e9m \u00e9 professora. Tem mestrado em Direito Constitucional pela UFMG (Universidade Federal de Minas Gerais).&nbsp;<\/p>\n\n\n\n<p>Indicada ao STF pelo presidente Lula para substituir Nelson Jobim, C\u00e1rmen integra o Supremo h\u00e1 17 anos. Foi presidente da Corte de 2016 a 2018.<\/p>\n\n\n\n<h2 class=\"wp-block-heading\"><strong>QUEM \u00c9 NUNES MARQUES<\/strong><\/h2>\n\n\n\n<p>Kassio Nunes Marques, 52 anos, \u00e9 natural de Teresina, capital do Piau\u00ed. Formado em Direito pela UFPI (Universidade Federal do Piau\u00ed), tamb\u00e9m tem mestrado em Direito pela Universidade Aut\u00f4noma de Lisboa e p\u00f3s-doutorado pela Universidade de Salamanca, na Espanha.<\/p>\n\n\n\n<p>Atuou como advogado e foi juiz do <a href=\"https:\/\/www.tre-pi.jus.br\/comunicacao\/noticias\/2023\/Maio\/presidente-do-tre-pi-participa-da-posse-do-ministro-nunes-marques-no-tse\" target=\"_blank\" rel=\"noreferrer noopener\">TRE-PI<\/a> (Tribunal Regional Eleitoral do Piau\u00ed) de 2008 e 2011. Tamb\u00e9m foi desembargador e vice-presidente do <a href=\"https:\/\/www.trf1.jus.br\/\" target=\"_blank\" rel=\"noreferrer noopener\">TRF-1<\/a> (Tribunal Regional Federal da 1\u00aa Regi\u00e3o), em Bras\u00edlia (DF). Ele integra o STF desde 2020, depois de ter <a href=\"https:\/\/www.poder360.com.br\/governo\/bolsonaro-oficializa-indicacao-de-kassio-nunes-ao-stf\/\" target=\"_blank\" rel=\"noreferrer noopener\">sido indicado<\/a> pelo ex-presidente Bolsonaro para ocupar a <a href=\"https:\/\/www.poder360.com.br\/justica\/celso-de-mello-deixa-o-stf-apos-31-anos-conheca-trajetoria-do-ministro\/\">vaga deixada por Celso de Mello<\/a>.<\/p>\n\n\n\n<p><strong><em>Fonte: Poder360<\/em><\/strong><\/p>\n","protected":false},"excerpt":{"rendered":"<p>A ministra do TSE (Tribunal Superior Eleitoral) e do STF (Supremo Tribunal Federal) C\u00e1rmen L\u00facia toma posse como presidente da<\/p>\n","protected":false},"author":1,"featured_media":6382,"comment_status":"open","ping_status":"open","sticky":false,"template":"","format":"standard","meta":{"footnotes":""},"categories":[2],"tags":[],"class_list":["post-6381","post","type-post","status-publish","format-standard","has-post-thumbnail","hentry","category-noticias"],"_links":{"self":[{"href":"https:\/\/jornaloalvorada.com.br\/site\/wp-json\/wp\/v2\/posts\/6381","targetHints":{"allow":["GET"]}}],"collection":[{"href":"https:\/\/jornaloalvorada.com.br\/site\/wp-json\/wp\/v2\/posts"}],"about":[{"href":"https:\/\/jornaloalvorada.com.br\/site\/wp-json\/wp\/v2\/types\/post"}],"author":[{"embeddable":true,"href":"https:\/\/jornaloalvorada.com.br\/site\/wp-json\/wp\/v2\/users\/1"}],"replies":[{"embeddable":true,"href":"https:\/\/jornaloalvorada.com.br\/site\/wp-json\/wp\/v2\/comments?post=6381"}],"version-history":[{"count":1,"href":"https:\/\/jornaloalvorada.com.br\/site\/wp-json\/wp\/v2\/posts\/6381\/revisions"}],"predecessor-version":[{"id":6383,"href":"https:\/\/jornaloalvorada.com.br\/site\/wp-json\/wp\/v2\/posts\/6381\/revisions\/6383"}],"wp:featuredmedia":[{"embeddable":true,"href":"https:\/\/jornaloalvorada.com.br\/site\/wp-json\/wp\/v2\/media\/6382"}],"wp:attachment":[{"href":"https:\/\/jornaloalvorada.com.br\/site\/wp-json\/wp\/v2\/media?parent=6381"}],"wp:term":[{"taxonomy":"category","embeddable":true,"href":"https:\/\/jornaloalvorada.com.br\/site\/wp-json\/wp\/v2\/categories?post=6381"},{"taxonomy":"post_tag","embeddable":true,"href":"https:\/\/jornaloalvorada.com.br\/site\/wp-json\/wp\/v2\/tags?post=6381"}],"curies":[{"name":"wp","href":"https:\/\/api.w.org\/{rel}","templated":true}]}}