{"id":6371,"date":"2024-05-29T14:16:04","date_gmt":"2024-05-29T18:16:04","guid":{"rendered":"https:\/\/jornaloalvorada.com.br\/site\/?p=6371"},"modified":"2024-05-29T14:17:48","modified_gmt":"2024-05-29T18:17:48","slug":"159-dos-jovens-nao-estudam-e-nem-trabalham-diz-governo","status":"publish","type":"post","link":"https:\/\/jornaloalvorada.com.br\/site\/2024\/05\/29\/159-dos-jovens-nao-estudam-e-nem-trabalham-diz-governo\/","title":{"rendered":"15,9% dos jovens n\u00e3o estudam e nem trabalham, diz governo"},"content":{"rendered":"\n<p>No Brasil, h\u00e1 <strong>5,4 milh\u00f5es de jovens que n\u00e3o estudam, n\u00e3o trabalham e tampouco est\u00e3o procurando emprego<\/strong>. O n\u00famero equivale a 15,9% da popula\u00e7\u00e3o de 14 a 24 anos. Os dados s\u00e3o do <a href=\"https:\/\/www.ibge.gov.br\/\" target=\"_blank\" rel=\"noreferrer noopener\">IBGE<\/a> (Instituto Brasileiro de Geografia e Estat\u00edstica) e foram levantados pelo <a href=\"https:\/\/www.gov.br\/trabalho-e-emprego\/pt-br\" target=\"_blank\" rel=\"noreferrer noopener\">Minist\u00e9rio do Trabalho e Emprego<\/a>. As informa\u00e7\u00f5es foram divulgadas nesta 3\u00aa feira (28.mai.2024) pelo <a href=\"https:\/\/web.ciee.org.br\/\" target=\"_blank\" rel=\"noreferrer noopener\">CIEE<\/a> (Centro de Integra\u00e7\u00e3o Empresa-Escola).<\/p>\n\n\n\n<p>Eis a <a href=\"https:\/\/static.poder360.com.br\/2024\/05\/ApresentacaoCiee2024.pdf\" target=\"_blank\" rel=\"noreferrer noopener\">\u00edntegra<\/a> da apresenta\u00e7\u00e3o (563 kB).<\/p>\n\n\n\n<p>Segundo o governo federal, 60% dos jovens que n\u00e3o estudam e n\u00e3o trabalham s\u00e3o mulheres com filhos pequenos, e 68% s\u00e3o negros.<\/p>\n\n\n\n<p>No 1\u00ba trimestre de 2024, o governo contabilizou 14 milh\u00f5es de jovens de 14 a 24 anos ocupados. No Brasil, h\u00e1 34 milh\u00f5es de adolescentes e jovens nessa faixa et\u00e1ria.<\/p>\n\n\n\n<figure class=\"wp-block-image\"><img decoding=\"async\" src=\"https:\/\/static.poder360.com.br\/2024\/05\/info-jovens-mercado-trabalho-estados-28-mai-2024-1-01.png\" alt=\"\"\/><\/figure>\n\n\n\n<h2 class=\"wp-block-heading\"><strong>Nem estudam nem trabalham<\/strong><\/h2>\n\n\n\n<p>Eis o perfil de jovens ocupados e desocupados:<\/p>\n\n\n\n<ul class=\"wp-block-list\">\n<li><strong>jovens que s\u00f3 estudam:<\/strong> s\u00e3o 11,6 milh\u00f5es.\n<ul class=\"wp-block-list\">\n<li>mulheres (52%);<\/li>\n\n\n\n<li>negros (59%);<\/li>\n\n\n\n<li>e adolescentes de 15 a 17 anos (81%).<\/li>\n<\/ul>\n<\/li>\n\n\n\n<li><strong>jovens ocupados:<\/strong> 14 milh\u00f5es.\n<ul class=\"wp-block-list\">\n<li>12% dos adolescentes de 15 a 17 anos estudam e trabalham;<\/li>\n\n\n\n<li>2% dos adolescentes de 15 a 17 anos s\u00f3 trabalham;<\/li>\n\n\n\n<li>15% dos jovens de 18 a 24 anos estudam e trabalham;<\/li>\n\n\n\n<li>41% dos jovens de 18 a 24 anos s\u00f3 trabalham;<\/li>\n\n\n\n<li>45% dos jovens de 14 a 24 anos s\u00e3o informais.<\/li>\n<\/ul>\n<\/li>\n\n\n\n<li><strong>jovens desocupados:<\/strong> 3,2 milh\u00f5es.\n<ul class=\"wp-block-list\">\n<li>51% s\u00e3o mulheres;<\/li>\n\n\n\n<li>65% s\u00e3o negros.<\/li>\n<\/ul>\n<\/li>\n\n\n\n<li><strong>n\u00e3o estudam, n\u00e3o trabalham, nem procuram trabalho:<\/strong> 5,4 milh\u00f5es.\n<ul class=\"wp-block-list\">\n<li>60% s\u00e3o mulheres, sendo a maior parte com filhos pequenos;<\/li>\n\n\n\n<li>68% s\u00e3o negros.<\/li>\n<\/ul>\n<\/li>\n<\/ul>\n\n\n\n<p>Conforme o CIEE, <strong>6,3 milh\u00f5es de jovens ocupados s\u00e3o informais<\/strong>. O Maranh\u00e3o tem o maior percentual (72%) de pessoas de 14 a 24 anos na informalidade, enquanto Santa Catarina tem o menor (25,2%).<\/p>\n\n\n\n<p>Eis os dados de escolaridade dos jovens de 14 a 24 anos no 1\u00ba trimestre de 2024:<\/p>\n\n\n\n<ul class=\"wp-block-list\">\n<li>23% das ocupadas e 37% dos ocupados n\u00e3o conclu\u00edram o ensino m\u00e9dio ou equivalente;<\/li>\n\n\n\n<li>49% das mulheres e 46% dos homens ocupados conclu\u00edram o ensino m\u00e9dio ou equivalente;<\/li>\n\n\n\n<li>19% das ocupadas e 11% dos ocupados cursam o n\u00edvel superior;<\/li>\n\n\n\n<li>9% das ocupadas e 5% dos ocupados conclu\u00edram o ensino superior;<\/li>\n\n\n\n<li>50% das desocupadas e 41% dos desocupados haviam conclu\u00eddo o ensino m\u00e9dio ou equivalente.<\/li>\n<\/ul>\n\n\n\n<figure class=\"wp-block-image\"><img decoding=\"async\" src=\"https:\/\/static.poder360.com.br\/2024\/05\/info-jovens-mercado-trabalho-estados-28-mai-2024-1-02.png\" alt=\"\"\/><\/figure>\n\n\n\n<h2 class=\"wp-block-heading\">Aprendizes e estagi\u00e1rios<\/h2>\n\n\n\n<p>Em 2024, o Brasil alcan\u00e7ou a marca de <a href=\"https:\/\/www.poder360.com.br\/poder-empreendedor\/brasil-bate-recorde-com-mais-de-600-mil-jovens-aprendizes-contratados\/\" target=\"_blank\" rel=\"noreferrer noopener\">602 mil jovens aprendizes contratados<\/a>. \u00c9 o maior valor da s\u00e9rie hist\u00f3rica. Segundo o governo federal, 63% desses profissionais s\u00e3o adolescentes de at\u00e9 17 anos e 37% t\u00eam de 18 a 24 anos. Desse total, 59% dos aprendizes n\u00e3o conclu\u00edram o ensino m\u00e9dio.<\/p>\n\n\n\n<p>J\u00e1 os estagi\u00e1rios somam 877 mil em 2024. \u00c9 uma alta de 37% em rela\u00e7\u00e3o a 2023, quando havia 642 mil pessoas trabalhando nessa condi\u00e7\u00e3o. A maior parte \u2014 661,3 mil \u2014 est\u00e1 cursando o ensino superior. Outros 154,8 mil est\u00e3o no ensino m\u00e9dio.<\/p>\n\n\n\n<p>Mais da metade (51%) dos estagi\u00e1rios atuam em empresas privadas, enquanto 40% trabalham no setor p\u00fablico, sobretudo na administra\u00e7\u00e3o p\u00fablica (30%) e na justi\u00e7a (7%).<\/p>\n\n\n\n<p>Segundo o Minist\u00e9rio do Trabalho, o valor da bolsa ou sal\u00e1rio de contrata\u00e7\u00e3o de estagi\u00e1rios varia de R$ 712 a R$ 1.314, a depender a jornada de trabalho. Em abril de 2024, havia declara\u00e7\u00e3o do valor da bolsa ou sal\u00e1rio de contrata\u00e7\u00e3o somente para 46% dos estagi\u00e1rios.<\/p>\n\n\n\n<h2 class=\"wp-block-heading\">Taxa de desemprego<\/h2>\n\n\n\n<p>Quando se consideram os jovens <strong>de 18 a 24 anos<\/strong>, a taxa de desemprego subiu para <strong>16,8% <\/strong>no 1\u00ba trimestre de 2024. Em n\u00fameros absolutos, <strong>h\u00e1 2,5 milh\u00f5es de jovens de 18 a 24 anos desocupados no Brasil<\/strong>.<\/p>\n\n\n\n<p>Os dados fazem parte da Pnad (Pesquisa Nacional por Amostra de Domic\u00edlios) Cont\u00ednua Trimestral, divulgada em 17 de maio pelo <a href=\"https:\/\/www.ibge.gov.br\/\" target=\"_blank\" rel=\"noreferrer noopener\">IBGE<\/a> (Instituto Brasileiro de Geografia e Estat\u00edstica).<\/p>\n\n\n\n<figure class=\"wp-block-image\"><img decoding=\"async\" src=\"https:\/\/static.poder360.com.br\/2024\/05\/desemprego-jovens-1.png\" alt=\"\"\/><\/figure>\n\n\n\n<p>A taxa de desemprego geral foi de <a href=\"https:\/\/www.poder360.com.br\/economia\/taxa-de-desemprego-do-brasil-sobe-para-79-no-1o-trimestre\/\">7,9% no 1\u00ba trimestre de 2024<\/a>. Esse \u00e9 o menor patamar para o per\u00edodo desde 2014. Historicamente, a taxa de desemprego do Brasil sobe nos 3 primeiros meses do ano. Uma parte da explica\u00e7\u00e3o \u00e9 o fim dos empregos tempor\u00e1rios de fim de ano.<\/p>\n\n\n\n<p><strong>Leia abaixo a diferen\u00e7a entre cada grupo de idade do 1\u00ba trimestre de 2023 para o mesmo per\u00edodo de 2024:<\/strong><\/p>\n\n\n\n<ul class=\"wp-block-list\">\n<li>de 14 a 17 anos: de 33,1% para 30,2%;<\/li>\n\n\n\n<li>de 18 a 24 anos: de 18% para 16,8%;<\/li>\n\n\n\n<li>de 25 a 39 anos: de 8,2% para 7,3%;<\/li>\n\n\n\n<li>de 40 a 59 anos: de 5,6% para 5,2%;<\/li>\n\n\n\n<li>de 60 anos ou mais: de 3,9% para 3,2%.<\/li>\n<\/ul>\n\n\n\n<p><strong>Em n\u00fameros absolutos, veja a diferen\u00e7a do n\u00famero de pessoas que procuravam emprego no 1\u00ba trimestre de 2023 e no mesmo per\u00edodo de 2024:<\/strong><\/p>\n\n\n\n<ul class=\"wp-block-list\">\n<li>de 14 a 17 anos: de 692 mil para 610 mil;<\/li>\n\n\n\n<li>de 18 a 24 anos: de 2,7 milh\u00f5es para 2,5 milh\u00f5es;<\/li>\n\n\n\n<li>de 25 a 39 anos: de 3,3 milh\u00f5es para 3 milh\u00f5es;<\/li>\n\n\n\n<li>de 40 a 59 anos: de 2,2 milh\u00f5es para 2,1 milh\u00f5es;<\/li>\n\n\n\n<li>de 60 anos ou mais: de 300 mil para 260 mil.<\/li>\n<\/ul>\n\n\n\n<p><strong><em>Fonte: Poder360<\/em><\/strong><\/p>\n","protected":false},"excerpt":{"rendered":"<p>No Brasil, h\u00e1 5,4 milh\u00f5es de jovens que n\u00e3o estudam, n\u00e3o trabalham e tampouco est\u00e3o procurando emprego. O n\u00famero equivale<\/p>\n","protected":false},"author":1,"featured_media":6373,"comment_status":"open","ping_status":"open","sticky":false,"template":"","format":"standard","meta":{"footnotes":""},"categories":[2],"tags":[],"class_list":["post-6371","post","type-post","status-publish","format-standard","has-post-thumbnail","hentry","category-noticias"],"_links":{"self":[{"href":"https:\/\/jornaloalvorada.com.br\/site\/wp-json\/wp\/v2\/posts\/6371","targetHints":{"allow":["GET"]}}],"collection":[{"href":"https:\/\/jornaloalvorada.com.br\/site\/wp-json\/wp\/v2\/posts"}],"about":[{"href":"https:\/\/jornaloalvorada.com.br\/site\/wp-json\/wp\/v2\/types\/post"}],"author":[{"embeddable":true,"href":"https:\/\/jornaloalvorada.com.br\/site\/wp-json\/wp\/v2\/users\/1"}],"replies":[{"embeddable":true,"href":"https:\/\/jornaloalvorada.com.br\/site\/wp-json\/wp\/v2\/comments?post=6371"}],"version-history":[{"count":1,"href":"https:\/\/jornaloalvorada.com.br\/site\/wp-json\/wp\/v2\/posts\/6371\/revisions"}],"predecessor-version":[{"id":6372,"href":"https:\/\/jornaloalvorada.com.br\/site\/wp-json\/wp\/v2\/posts\/6371\/revisions\/6372"}],"wp:featuredmedia":[{"embeddable":true,"href":"https:\/\/jornaloalvorada.com.br\/site\/wp-json\/wp\/v2\/media\/6373"}],"wp:attachment":[{"href":"https:\/\/jornaloalvorada.com.br\/site\/wp-json\/wp\/v2\/media?parent=6371"}],"wp:term":[{"taxonomy":"category","embeddable":true,"href":"https:\/\/jornaloalvorada.com.br\/site\/wp-json\/wp\/v2\/categories?post=6371"},{"taxonomy":"post_tag","embeddable":true,"href":"https:\/\/jornaloalvorada.com.br\/site\/wp-json\/wp\/v2\/tags?post=6371"}],"curies":[{"name":"wp","href":"https:\/\/api.w.org\/{rel}","templated":true}]}}