{"id":6369,"date":"2024-05-29T14:04:12","date_gmt":"2024-05-29T18:04:12","guid":{"rendered":"https:\/\/jornaloalvorada.com.br\/site\/?p=6369"},"modified":"2024-05-29T14:04:15","modified_gmt":"2024-05-29T18:04:15","slug":"despenca-numero-de-eleitores-que-acham-lula-melhor-que-bolsonaro","status":"publish","type":"post","link":"https:\/\/jornaloalvorada.com.br\/site\/2024\/05\/29\/despenca-numero-de-eleitores-que-acham-lula-melhor-que-bolsonaro\/","title":{"rendered":"Despenca n\u00famero de eleitores que acham Lula melhor que Bolsonaro"},"content":{"rendered":"\n<p>A taxa de eleitores que dizem preferir o governo de <a href=\"https:\/\/monitor.poder360.com.br\/politicos-do-brasil\/929674\">Luiz In\u00e1cio Lula da Silva<\/a> (PT) ao de <a href=\"https:\/\/monitor.poder360.com.br\/politicos-do-brasil\/630212\/JAIR-BOLSONARO?ano=2022\">Jair Bolsonaro<\/a> (PL) despencou 13 pontos percentuais desde janeiro de 2024. No in\u00edcio deste ano, havia 51% dos eleitores declarando que a gest\u00e3o petista era <em>\u201cmelhor\u201d<\/em> que a bolsonarista. Em mar\u00e7o, a taxa <a href=\"https:\/\/www.poder360.com.br\/poderdata\/taxa-dos-que-acham-lula-melhor-que-bolsonaro-cai-7-pontos-em-2-meses\/#:~:text=PoderData%20mostra%20que%2044%25%20dizem,desde%20o%20in%C3%ADcio%20da%20gest%C3%A3o&amp;text=O%20governo%20do%20presidente%20Luiz,)%20por%2044%25%20da%20popula%C3%A7%C3%A3o.\">j\u00e1 havia ca\u00eddo<\/a> para 44%. Agora, est\u00e1 em 38%. \u00c9 o menor patamar desde o in\u00edcio do mandato. Os dados s\u00e3o da pesquisa <strong>PoderData<\/strong> realizada de 25 a 27 de maio de 2024, com margem de erro de 2 pontos percentuais.<\/p>\n\n\n\n<p>Na outra ponta, 41% dos brasileiros afirmam que o governo atual \u00e9 <em>\u201cpior\u201d<\/em> que o seu antecessor. O n\u00famero se manteve inalterado desde mar\u00e7o. Mas agora \u00e9 a 1\u00aa vez que a taxa supera numericamente a dos que dizem que a administra\u00e7\u00e3o Lula \u00e9<em> \u201cmelhor\u201d,<\/em> como mostra o infogr\u00e1fico a seguir:<\/p>\n\n\n\n<figure class=\"wp-block-image\"><img decoding=\"async\" src=\"https:\/\/static.poder360.com.br\/2024\/05\/pd-comparacao-lula-bolsonaro-25-27-mai-2024-01.png\" alt=\"\"\/><\/figure>\n\n\n\n<p>H\u00e1 uma curiosidade nas respostas em que os eleitores comparam os governos Lula e Bolsonaro. O gr\u00e1fico acima mostra que a administra\u00e7\u00e3o do ex-presidente tem uma avalia\u00e7\u00e3o quase im\u00f3vel. O que tem piorado \u00e9 o ju\u00edzo que os eleitores fazem da gest\u00e3o petista.<\/p>\n\n\n\n<p>Ocorre ent\u00e3o um fen\u00f4meno: o grupo decepcionado com o atual presidente n\u00e3o diz que Lula \u00e9 pior do que Bolsonaro. Esses eleitores migraram para a op\u00e7\u00e3o de dizer que as duas administra\u00e7\u00f5es s\u00e3o iguais \u2013eram 9% nessa categoria em janeiro. Agora, s\u00e3o 18%.<\/p>\n\n\n\n<p>A pesquisa foi realizada pelo <strong>PoderData<\/strong> com recursos pr\u00f3prios. Os dados foram coletados de 25 a 27 de maio de 2024, por meio de liga\u00e7\u00f5es para celulares e telefones fixos. Foram 2.500 entrevistas em 211 munic\u00edpios nas 27 unidades da Federa\u00e7\u00e3o. A margem de erro \u00e9 de 2 pontos percentuais. O intervalo de confian\u00e7a \u00e9 de 95%.<\/p>\n\n\n\n<p>Para chegar a 2.500 entrevistas que preencham proporcionalmente (conforme aparecem na sociedade) os grupos por sexo, idade, renda, escolaridade e localiza\u00e7\u00e3o geogr\u00e1fica, o <strong>PoderData<\/strong> faz dezenas de milhares de telefonemas. Muitas vezes, s\u00e3o mais de 100 mil liga\u00e7\u00f5es at\u00e9 que sejam encontrados os entrevistados que representem de forma fiel o conjunto da popula\u00e7\u00e3o. Saiba mais sobre a metodologia lendo <a href=\"https:\/\/www.poder360.com.br\/poderdata\/entenda-como-e-realizada-a-pesquisa-poderdata\/\" target=\"_blank\" rel=\"noreferrer noopener\">este texto<\/a>.<\/p>\n\n\n\n<h2 class=\"wp-block-heading\"><strong>ESTRATIFICA\u00c7\u00c3O<\/strong><\/h2>\n\n\n\n<p>O <strong>Poder360<\/strong> destaca:<\/p>\n\n\n\n<ul class=\"wp-block-list\">\n<li><strong>os que consideram que o governo Lula est\u00e1 melhor que o de Bolsonaro<\/strong> \u2013 as taxas s\u00e3o mais altas entre jovens de 16 a 24 anos (51%) e pessoas que completaram o ensino fundamental (44%);<\/li>\n\n\n\n<li><strong>os que consideram que o governo Lula est\u00e1 pior que o de Bolsonaro<\/strong> \u2013 os percentuais s\u00e3o mais altos entre os adultos de 25 a 44 anos (51%) e pessoas que completaram o ensino m\u00e9dio (49%).<\/li>\n<\/ul>\n\n\n\n<figure class=\"wp-block-image\"><img decoding=\"async\" src=\"https:\/\/static.poder360.com.br\/2024\/05\/pd-comparacao-lula-bolsonaro-25-27-mai-2024-02.png\" alt=\"\"\/><\/figure>\n\n\n\n<h2 class=\"wp-block-heading\"><strong>CRUZAMENTOS<\/strong><\/h2>\n\n\n\n<p>O <strong>PoderData<\/strong> cruzou os dados de compara\u00e7\u00e3o entre os governos com a religi\u00e3o do entrevistado. A avalia\u00e7\u00e3o positiva do governo Lula segue mais alta entre os cat\u00f3licos (48%) do que entre os evang\u00e9licos (17%). No \u00faltimo grupo, tradicionalmente mais cr\u00edtico ao petista, mais da metade (56%) considera o governo Lula <em>\u201cpior\u201d<\/em> que o de Bolsonaro.<\/p>\n\n\n\n<figure class=\"wp-block-image\"><img decoding=\"async\" src=\"https:\/\/static.poder360.com.br\/2024\/05\/pd-comparacao-lula-bolsonaro-25-27-mai-2024-03.png\" alt=\"\"\/><\/figure>\n\n\n\n<figure class=\"wp-block-image\"><img decoding=\"async\" src=\"https:\/\/static.poder360.com.br\/2024\/05\/pd-comparacao-lula-bolsonaro-25-27-mai-2024-04.png\" alt=\"\"\/><\/figure>\n\n\n\n<p>J\u00e1 no cruzamento com o voto do entrevistado no 2\u00ba turno de 2022, entre os que votaram no petista, 9% declaram que o governo est\u00e1 <em>\u201cpior\u201d<\/em> que o anterior e outros 21% dizem que a gest\u00e3o de ambos \u00e9 <em>\u201cigual\u201d<\/em>.<\/p>\n\n\n\n<figure class=\"wp-block-image\"><img decoding=\"async\" src=\"https:\/\/static.poder360.com.br\/2024\/05\/pd-comparacao-lula-bolsonaro-25-27-mai-2024-06.png\" alt=\"\"\/><\/figure>\n\n\n\n<p><strong><em>Fonte: Poder360<\/em><\/strong><\/p>\n","protected":false},"excerpt":{"rendered":"<p>A taxa de eleitores que dizem preferir o governo de Luiz In\u00e1cio Lula da Silva (PT) ao de Jair Bolsonaro<\/p>\n","protected":false},"author":1,"featured_media":4658,"comment_status":"open","ping_status":"open","sticky":false,"template":"","format":"standard","meta":{"footnotes":""},"categories":[2],"tags":[],"class_list":["post-6369","post","type-post","status-publish","format-standard","has-post-thumbnail","hentry","category-noticias"],"_links":{"self":[{"href":"https:\/\/jornaloalvorada.com.br\/site\/wp-json\/wp\/v2\/posts\/6369","targetHints":{"allow":["GET"]}}],"collection":[{"href":"https:\/\/jornaloalvorada.com.br\/site\/wp-json\/wp\/v2\/posts"}],"about":[{"href":"https:\/\/jornaloalvorada.com.br\/site\/wp-json\/wp\/v2\/types\/post"}],"author":[{"embeddable":true,"href":"https:\/\/jornaloalvorada.com.br\/site\/wp-json\/wp\/v2\/users\/1"}],"replies":[{"embeddable":true,"href":"https:\/\/jornaloalvorada.com.br\/site\/wp-json\/wp\/v2\/comments?post=6369"}],"version-history":[{"count":1,"href":"https:\/\/jornaloalvorada.com.br\/site\/wp-json\/wp\/v2\/posts\/6369\/revisions"}],"predecessor-version":[{"id":6370,"href":"https:\/\/jornaloalvorada.com.br\/site\/wp-json\/wp\/v2\/posts\/6369\/revisions\/6370"}],"wp:featuredmedia":[{"embeddable":true,"href":"https:\/\/jornaloalvorada.com.br\/site\/wp-json\/wp\/v2\/media\/4658"}],"wp:attachment":[{"href":"https:\/\/jornaloalvorada.com.br\/site\/wp-json\/wp\/v2\/media?parent=6369"}],"wp:term":[{"taxonomy":"category","embeddable":true,"href":"https:\/\/jornaloalvorada.com.br\/site\/wp-json\/wp\/v2\/categories?post=6369"},{"taxonomy":"post_tag","embeddable":true,"href":"https:\/\/jornaloalvorada.com.br\/site\/wp-json\/wp\/v2\/tags?post=6369"}],"curies":[{"name":"wp","href":"https:\/\/api.w.org\/{rel}","templated":true}]}}