{"id":6366,"date":"2024-05-29T14:01:49","date_gmt":"2024-05-29T18:01:49","guid":{"rendered":"https:\/\/jornaloalvorada.com.br\/site\/?p=6366"},"modified":"2024-05-29T14:01:52","modified_gmt":"2024-05-29T18:01:52","slug":"nova-lei-estadual-regula-encaminhamento-de-pacientes-a-hospitais-particulares-no-mato-grosso-do-sul","status":"publish","type":"post","link":"https:\/\/jornaloalvorada.com.br\/site\/2024\/05\/29\/nova-lei-estadual-regula-encaminhamento-de-pacientes-a-hospitais-particulares-no-mato-grosso-do-sul\/","title":{"rendered":"Nova Lei Estadual Regula Encaminhamento de Pacientes a Hospitais Particulares no Mato Grosso do Sul"},"content":{"rendered":"\n<p>Foi sancionada nesta ter\u00e7a-feira (28) uma nova lei estadual que estabelece as normas para o encaminhamento de pacientes a hospitais particulares por equipes de socorro do Corpo de Bombeiros e do Servi\u00e7o de Atendimento M\u00f3vel de Urg\u00eancia (SAMU) no Mato Grosso do Sul. A legisla\u00e7\u00e3o determina que o transporte para essas unidades de sa\u00fade ser\u00e1 realizado quando o paciente possuir plano de sa\u00fade.<\/p>\n\n\n\n<p>A medida abrange atendimentos emergenciais dentro do estado e permite que os pacientes solicitem \u00e0s equipes de salvamento o encaminhamento para hospitais particulares. Contudo, essa decis\u00e3o estar\u00e1 sujeita \u00e0 avalia\u00e7\u00e3o do m\u00e9dico regulador, que determinar\u00e1 a viabilidade do encaminhamento baseado na situa\u00e7\u00e3o cl\u00ednica do paciente.<\/p>\n\n\n\n<p>O objetivo da lei \u00e9 agilizar o atendimento de emerg\u00eancias e garantir que pacientes com planos de sa\u00fade possam ser levados diretamente a unidades privadas, caso isso seja adequado ao seu quadro de sa\u00fade. A decis\u00e3o do m\u00e9dico regulador ser\u00e1 crucial para assegurar que o atendimento seja feito de forma segura e eficaz, levando em considera\u00e7\u00e3o as condi\u00e7\u00f5es cl\u00ednicas apresentadas no momento do socorro.<\/p>\n\n\n\n<p>A nova legisla\u00e7\u00e3o representa um avan\u00e7o significativo na integra\u00e7\u00e3o dos servi\u00e7os de emerg\u00eancia p\u00fablica com a rede privada de sa\u00fade, potencialmente aliviando a press\u00e3o sobre os hospitais p\u00fablicos e oferecendo uma alternativa para quem tem cobertura de plano de sa\u00fade.<\/p>\n\n\n\n<p><strong><em>Fonte: Divulga\u00e7\u00e3o\/Facebook<\/em><\/strong><\/p>\n","protected":false},"excerpt":{"rendered":"<p>Foi sancionada nesta ter\u00e7a-feira (28) uma nova lei estadual que estabelece as normas para o encaminhamento de pacientes a hospitais<\/p>\n","protected":false},"author":1,"featured_media":6367,"comment_status":"open","ping_status":"open","sticky":false,"template":"","format":"standard","meta":{"footnotes":""},"categories":[2],"tags":[],"class_list":["post-6366","post","type-post","status-publish","format-standard","has-post-thumbnail","hentry","category-noticias"],"_links":{"self":[{"href":"https:\/\/jornaloalvorada.com.br\/site\/wp-json\/wp\/v2\/posts\/6366","targetHints":{"allow":["GET"]}}],"collection":[{"href":"https:\/\/jornaloalvorada.com.br\/site\/wp-json\/wp\/v2\/posts"}],"about":[{"href":"https:\/\/jornaloalvorada.com.br\/site\/wp-json\/wp\/v2\/types\/post"}],"author":[{"embeddable":true,"href":"https:\/\/jornaloalvorada.com.br\/site\/wp-json\/wp\/v2\/users\/1"}],"replies":[{"embeddable":true,"href":"https:\/\/jornaloalvorada.com.br\/site\/wp-json\/wp\/v2\/comments?post=6366"}],"version-history":[{"count":1,"href":"https:\/\/jornaloalvorada.com.br\/site\/wp-json\/wp\/v2\/posts\/6366\/revisions"}],"predecessor-version":[{"id":6368,"href":"https:\/\/jornaloalvorada.com.br\/site\/wp-json\/wp\/v2\/posts\/6366\/revisions\/6368"}],"wp:featuredmedia":[{"embeddable":true,"href":"https:\/\/jornaloalvorada.com.br\/site\/wp-json\/wp\/v2\/media\/6367"}],"wp:attachment":[{"href":"https:\/\/jornaloalvorada.com.br\/site\/wp-json\/wp\/v2\/media?parent=6366"}],"wp:term":[{"taxonomy":"category","embeddable":true,"href":"https:\/\/jornaloalvorada.com.br\/site\/wp-json\/wp\/v2\/categories?post=6366"},{"taxonomy":"post_tag","embeddable":true,"href":"https:\/\/jornaloalvorada.com.br\/site\/wp-json\/wp\/v2\/tags?post=6366"}],"curies":[{"name":"wp","href":"https:\/\/api.w.org\/{rel}","templated":true}]}}