{"id":6350,"date":"2024-05-28T08:44:10","date_gmt":"2024-05-28T12:44:10","guid":{"rendered":"https:\/\/jornaloalvorada.com.br\/site\/?p=6350"},"modified":"2024-05-28T08:44:13","modified_gmt":"2024-05-28T12:44:13","slug":"forca-tucana-tres-lagoas-sedia-evento-com-liderancas-para-debater-estrategias-eleitorais-para-2024","status":"publish","type":"post","link":"https:\/\/jornaloalvorada.com.br\/site\/2024\/05\/28\/forca-tucana-tres-lagoas-sedia-evento-com-liderancas-para-debater-estrategias-eleitorais-para-2024\/","title":{"rendered":"FOR\u00c7A TUCANA: Tr\u00eas Lagoas sedia evento com lideran\u00e7as para debater estrat\u00e9gias eleitorais para 2024"},"content":{"rendered":"\n<p>Foi mais um sucesso o evento da FOR\u00c7A TUCANA que aconteceu em Tr\u00eas Lagoas neste s\u00e1bado.<\/p>\n\n\n\n<p>Lideran\u00e7as da Costa Leste se encontraram para conhecer e debater estrat\u00e9gias eleitorais para 2024.<\/p>\n\n\n\n<p>PSDB e ITV reuniram lideran\u00e7as de 12 munic\u00edpios em Tr\u00eas Lagoas<\/p>\n\n\n\n<figure class=\"wp-block-image size-large\"><img loading=\"lazy\" decoding=\"async\" width=\"1024\" height=\"662\" src=\"https:\/\/jornaloalvorada.com.br\/site\/wp-content\/uploads\/2024\/05\/image-1-1024x662.png\" alt=\"\" class=\"wp-image-6352\" srcset=\"https:\/\/jornaloalvorada.com.br\/site\/wp-content\/uploads\/2024\/05\/image-1-1024x662.png 1024w, https:\/\/jornaloalvorada.com.br\/site\/wp-content\/uploads\/2024\/05\/image-1-300x194.png 300w, https:\/\/jornaloalvorada.com.br\/site\/wp-content\/uploads\/2024\/05\/image-1-768x497.png 768w, https:\/\/jornaloalvorada.com.br\/site\/wp-content\/uploads\/2024\/05\/image-1.png 1033w\" sizes=\"auto, (max-width: 1024px) 100vw, 1024px\" \/><\/figure>\n\n\n\n<figure class=\"wp-block-image size-large\"><img loading=\"lazy\" decoding=\"async\" width=\"1024\" height=\"662\" src=\"https:\/\/jornaloalvorada.com.br\/site\/wp-content\/uploads\/2024\/05\/image-2-1024x662.png\" alt=\"\" class=\"wp-image-6353\" srcset=\"https:\/\/jornaloalvorada.com.br\/site\/wp-content\/uploads\/2024\/05\/image-2-1024x662.png 1024w, https:\/\/jornaloalvorada.com.br\/site\/wp-content\/uploads\/2024\/05\/image-2-300x194.png 300w, https:\/\/jornaloalvorada.com.br\/site\/wp-content\/uploads\/2024\/05\/image-2-768x497.png 768w, https:\/\/jornaloalvorada.com.br\/site\/wp-content\/uploads\/2024\/05\/image-2.png 1033w\" sizes=\"auto, (max-width: 1024px) 100vw, 1024px\" \/><\/figure>\n","protected":false},"excerpt":{"rendered":"<p>Foi mais um sucesso o evento da FOR\u00c7A TUCANA que aconteceu em Tr\u00eas Lagoas neste s\u00e1bado. Lideran\u00e7as da Costa Leste<\/p>\n","protected":false},"author":1,"featured_media":6351,"comment_status":"open","ping_status":"open","sticky":false,"template":"","format":"standard","meta":{"footnotes":""},"categories":[2],"tags":[],"class_list":["post-6350","post","type-post","status-publish","format-standard","has-post-thumbnail","hentry","category-noticias"],"_links":{"self":[{"href":"https:\/\/jornaloalvorada.com.br\/site\/wp-json\/wp\/v2\/posts\/6350","targetHints":{"allow":["GET"]}}],"collection":[{"href":"https:\/\/jornaloalvorada.com.br\/site\/wp-json\/wp\/v2\/posts"}],"about":[{"href":"https:\/\/jornaloalvorada.com.br\/site\/wp-json\/wp\/v2\/types\/post"}],"author":[{"embeddable":true,"href":"https:\/\/jornaloalvorada.com.br\/site\/wp-json\/wp\/v2\/users\/1"}],"replies":[{"embeddable":true,"href":"https:\/\/jornaloalvorada.com.br\/site\/wp-json\/wp\/v2\/comments?post=6350"}],"version-history":[{"count":1,"href":"https:\/\/jornaloalvorada.com.br\/site\/wp-json\/wp\/v2\/posts\/6350\/revisions"}],"predecessor-version":[{"id":6354,"href":"https:\/\/jornaloalvorada.com.br\/site\/wp-json\/wp\/v2\/posts\/6350\/revisions\/6354"}],"wp:featuredmedia":[{"embeddable":true,"href":"https:\/\/jornaloalvorada.com.br\/site\/wp-json\/wp\/v2\/media\/6351"}],"wp:attachment":[{"href":"https:\/\/jornaloalvorada.com.br\/site\/wp-json\/wp\/v2\/media?parent=6350"}],"wp:term":[{"taxonomy":"category","embeddable":true,"href":"https:\/\/jornaloalvorada.com.br\/site\/wp-json\/wp\/v2\/categories?post=6350"},{"taxonomy":"post_tag","embeddable":true,"href":"https:\/\/jornaloalvorada.com.br\/site\/wp-json\/wp\/v2\/tags?post=6350"}],"curies":[{"name":"wp","href":"https:\/\/api.w.org\/{rel}","templated":true}]}}