{"id":6341,"date":"2024-05-28T08:34:30","date_gmt":"2024-05-28T12:34:30","guid":{"rendered":"https:\/\/jornaloalvorada.com.br\/site\/?p=6341"},"modified":"2024-05-28T08:34:34","modified_gmt":"2024-05-28T12:34:34","slug":"terca-feira-tem-probabilidade-de-geada-e-pode-registrar-a-temperatura-mais-baixa-ate-o-momento","status":"publish","type":"post","link":"https:\/\/jornaloalvorada.com.br\/site\/2024\/05\/28\/terca-feira-tem-probabilidade-de-geada-e-pode-registrar-a-temperatura-mais-baixa-ate-o-momento\/","title":{"rendered":"Ter\u00e7a-feira tem probabilidade de geada e pode registrar a temperatura mais baixa at\u00e9 o momento"},"content":{"rendered":"\n<p>A previs\u00e3o do Cemtec (Centro de Monitoramento do Tempo e do Clima de Mato Grosso do Sul) \u00e9 de tempo mais firme nesta ter\u00e7a-feira (28), com sol e varia\u00e7\u00e3o de nebulosidade. Al\u00e9m disso, os dias mais frios devem ocorrer entre ter\u00e7a e quarta-feira (29), com a probabilidade de ocorr\u00eancia de neblina e, pontualmente, pequena chance de ocorrer geada fraca, com destaque no Sul do Estado.<\/p>\n\n\n\n<p>Segundo o \u00f3rg\u00e3o, isso ocorre devido a atua\u00e7\u00e3o do ciclone extratropical que se forma no oceano Atl\u00e2ntico, na altura do Rio Grande do Sul, e impulsiona o avan\u00e7o do ar mais seco e frio para o Estado. J\u00e1 o tempo est\u00e1vel ocorre devido a atua\u00e7\u00e3o da alta p\u00f3s-frontal que favorece o tempo seco.<\/p>\n\n\n\n<p>Nesta ter\u00e7a, a m\u00ednima em Campo Grande \u00e9 de 10\u00b0C e a m\u00e1xima de 17\u00b0C. Em Dourados, os term\u00f4metros marcam 7\u00b0C inicialmente e chegam aos 14\u00b0C ao longo do dia. Na fronteira com o Paraguai, os valores em Ponta Por\u00e3 variam entre 5\u00b0C e 12\u00b0C. Iguatemi, na regi\u00e3o Cone-Sul, tem m\u00ednima de 6\u00b0C e m\u00e1xima de 15\u00b0C.<\/p>\n\n\n\n<p>Parana\u00edba, no Bols\u00e3o, amanhece com 15\u00b0C e registra 21\u00b0 nos hor\u00e1rios mais quentes; Tr\u00eas Lagoas, na mesma regi\u00e3o, tem m\u00ednima de 14\u00b0C e m\u00e1xima de 19\u00b0C. No Norte, Camapu\u00e3 e Coxim iniciam o dia com 14\u00b0C, com m\u00e1ximas de 21\u00b0C e 22\u00b0C, respectivamente.<\/p>\n\n\n\n<p>Na regi\u00e3o pantaneira, a m\u00ednima em Corumb\u00e1 \u00e9 de 13\u00b0C e a m\u00e1xima chega aos 18\u00b0C, enquanto Aquidauana apresenta varia\u00e7\u00e3o entre 10\u00b0C e 18\u00b0C. Porto Murtinho, no Sudoeste, as temperaturas variam entre 6\u00b0C e 17\u00b0C.<\/p>\n\n\n<div class=\"wp-block-image\">\n<figure class=\"aligncenter\"><a href=\"https:\/\/agenciadenoticias.ms.gov.br\/wp-content\/uploads\/2024\/05\/tempo-28.jpg\"><img decoding=\"async\" src=\"https:\/\/agenciadenoticias.ms.gov.br\/wp-content\/uploads\/2024\/05\/tempo-28.jpg\" alt=\"\" class=\"wp-image-477958\"\/><\/a><\/figure>\n<\/div>\n\n\n<p><em>Heloisa Duim, do Programa de Est\u00e1gio Supervisionado<\/em><\/p>\n\n\n\n<p><em>Foto: \u00c1lvaro Rezende<\/em><\/p>\n","protected":false},"excerpt":{"rendered":"<p>A previs\u00e3o do Cemtec (Centro de Monitoramento do Tempo e do Clima de Mato Grosso do Sul) \u00e9 de tempo<\/p>\n","protected":false},"author":1,"featured_media":6342,"comment_status":"open","ping_status":"open","sticky":false,"template":"","format":"standard","meta":{"footnotes":""},"categories":[2],"tags":[],"class_list":["post-6341","post","type-post","status-publish","format-standard","has-post-thumbnail","hentry","category-noticias"],"_links":{"self":[{"href":"https:\/\/jornaloalvorada.com.br\/site\/wp-json\/wp\/v2\/posts\/6341","targetHints":{"allow":["GET"]}}],"collection":[{"href":"https:\/\/jornaloalvorada.com.br\/site\/wp-json\/wp\/v2\/posts"}],"about":[{"href":"https:\/\/jornaloalvorada.com.br\/site\/wp-json\/wp\/v2\/types\/post"}],"author":[{"embeddable":true,"href":"https:\/\/jornaloalvorada.com.br\/site\/wp-json\/wp\/v2\/users\/1"}],"replies":[{"embeddable":true,"href":"https:\/\/jornaloalvorada.com.br\/site\/wp-json\/wp\/v2\/comments?post=6341"}],"version-history":[{"count":1,"href":"https:\/\/jornaloalvorada.com.br\/site\/wp-json\/wp\/v2\/posts\/6341\/revisions"}],"predecessor-version":[{"id":6343,"href":"https:\/\/jornaloalvorada.com.br\/site\/wp-json\/wp\/v2\/posts\/6341\/revisions\/6343"}],"wp:featuredmedia":[{"embeddable":true,"href":"https:\/\/jornaloalvorada.com.br\/site\/wp-json\/wp\/v2\/media\/6342"}],"wp:attachment":[{"href":"https:\/\/jornaloalvorada.com.br\/site\/wp-json\/wp\/v2\/media?parent=6341"}],"wp:term":[{"taxonomy":"category","embeddable":true,"href":"https:\/\/jornaloalvorada.com.br\/site\/wp-json\/wp\/v2\/categories?post=6341"},{"taxonomy":"post_tag","embeddable":true,"href":"https:\/\/jornaloalvorada.com.br\/site\/wp-json\/wp\/v2\/tags?post=6341"}],"curies":[{"name":"wp","href":"https:\/\/api.w.org\/{rel}","templated":true}]}}