{"id":6339,"date":"2024-05-27T14:56:38","date_gmt":"2024-05-27T18:56:38","guid":{"rendered":"https:\/\/jornaloalvorada.com.br\/site\/?p=6339"},"modified":"2024-05-27T14:56:41","modified_gmt":"2024-05-27T18:56:41","slug":"nova-linha-de-credito-para-mei-e-anunciada","status":"publish","type":"post","link":"https:\/\/jornaloalvorada.com.br\/site\/2024\/05\/27\/nova-linha-de-credito-para-mei-e-anunciada\/","title":{"rendered":"Nova linha de cr\u00e9dito para MEI \u00e9 anunciada"},"content":{"rendered":"\n<p>O ex-presidente Luiz In\u00e1cio Lula da Silva anunciou uma nova linha de cr\u00e9dito exclusiva para Microempreendedores Individuais (MEIs) e propriet\u00e1rios de microempresas. Sob o programa \u201cAcredita no Primeiro Passo\u201d, essa iniciativa do governo federal n\u00e3o apenas fornece recursos financeiros, mas tamb\u00e9m oferece treinamento essencial para o desenvolvimento e o sucesso desses empreendedores.<\/p>\n\n\n\n<p><strong>Benef\u00edcios para os Empreendedores<\/strong><\/p>\n\n\n\n<p>Esta iniciativa representa uma oportunidade \u00fanica para os microempreendedores individuais interessados em expandir ou aprimorar seus neg\u00f3cios. Com um investimento estimado em R$ 7,5 bilh\u00f5es, o programa visa realizar aproximadamente 1,2 milh\u00e3o de opera\u00e7\u00f5es de microcr\u00e9dito at\u00e9 2026, beneficiando especialmente micro e pequenas empresas em todo o Brasil.<\/p>\n\n\n\n<p><strong>Taxas de Juros Reduzidas e Processo Simplificado<\/strong><\/p>\n\n\n\n<p>Al\u00e9m das taxas de juros reduzidas, o processo de libera\u00e7\u00e3o de cr\u00e9dito \u00e9 simplificado, facilitando o acesso aos recursos necess\u00e1rios para a expans\u00e3o e aprimoramento das opera\u00e7\u00f5es comerciais.<\/p>\n\n\n\n<p><strong>Capacita\u00e7\u00e3o e Desenvolvimento Empresarial<\/strong><\/p>\n\n\n\n<p>O programa \u201cAcredita no Primeiro Passo\u201d n\u00e3o se limita apenas ao suporte financeiro. Ele tamb\u00e9m oferece cursos e treinamentos para aprimorar a gest\u00e3o de neg\u00f3cios. Essas capacita\u00e7\u00f5es s\u00e3o fundamentais para ajudar os microempreendedores individuais a desenvolver estrat\u00e9gias de crescimento sustent\u00e1vel, fortalecendo assim suas opera\u00e7\u00f5es e promovendo o sucesso a longo prazo.<\/p>\n\n\n\n<p><strong>Como se Inscrever na Linha de Cr\u00e9dito para MEI?<\/strong><\/p>\n\n\n\n<p>Os empreendedores interessados em acessar a linha de cr\u00e9dito para MEI devem verificar sua elegibilidade atrav\u00e9s do Cadastro \u00danico (Cad\u00danico) e realizar a inscri\u00e7\u00e3o pelos canais oficiais. Recomenda-se visitar o site do programa ou os centros de apoio ao empres\u00e1rio em diversas regi\u00f5es para obter detalhes adicionais e iniciar o processo de inscri\u00e7\u00e3o.<\/p>\n\n\n\n<p><strong><em>Fonte: Terra Brasil Not\u00edcias<\/em><\/strong><\/p>\n","protected":false},"excerpt":{"rendered":"<p>O ex-presidente Luiz In\u00e1cio Lula da Silva anunciou uma nova linha de cr\u00e9dito exclusiva para Microempreendedores Individuais (MEIs) e propriet\u00e1rios<\/p>\n","protected":false},"author":1,"featured_media":708,"comment_status":"open","ping_status":"open","sticky":false,"template":"","format":"standard","meta":{"footnotes":""},"categories":[2],"tags":[],"class_list":["post-6339","post","type-post","status-publish","format-standard","has-post-thumbnail","hentry","category-noticias"],"_links":{"self":[{"href":"https:\/\/jornaloalvorada.com.br\/site\/wp-json\/wp\/v2\/posts\/6339","targetHints":{"allow":["GET"]}}],"collection":[{"href":"https:\/\/jornaloalvorada.com.br\/site\/wp-json\/wp\/v2\/posts"}],"about":[{"href":"https:\/\/jornaloalvorada.com.br\/site\/wp-json\/wp\/v2\/types\/post"}],"author":[{"embeddable":true,"href":"https:\/\/jornaloalvorada.com.br\/site\/wp-json\/wp\/v2\/users\/1"}],"replies":[{"embeddable":true,"href":"https:\/\/jornaloalvorada.com.br\/site\/wp-json\/wp\/v2\/comments?post=6339"}],"version-history":[{"count":1,"href":"https:\/\/jornaloalvorada.com.br\/site\/wp-json\/wp\/v2\/posts\/6339\/revisions"}],"predecessor-version":[{"id":6340,"href":"https:\/\/jornaloalvorada.com.br\/site\/wp-json\/wp\/v2\/posts\/6339\/revisions\/6340"}],"wp:featuredmedia":[{"embeddable":true,"href":"https:\/\/jornaloalvorada.com.br\/site\/wp-json\/wp\/v2\/media\/708"}],"wp:attachment":[{"href":"https:\/\/jornaloalvorada.com.br\/site\/wp-json\/wp\/v2\/media?parent=6339"}],"wp:term":[{"taxonomy":"category","embeddable":true,"href":"https:\/\/jornaloalvorada.com.br\/site\/wp-json\/wp\/v2\/categories?post=6339"},{"taxonomy":"post_tag","embeddable":true,"href":"https:\/\/jornaloalvorada.com.br\/site\/wp-json\/wp\/v2\/tags?post=6339"}],"curies":[{"name":"wp","href":"https:\/\/api.w.org\/{rel}","templated":true}]}}