{"id":6333,"date":"2024-05-27T10:17:53","date_gmt":"2024-05-27T14:17:53","guid":{"rendered":"https:\/\/jornaloalvorada.com.br\/site\/?p=6333"},"modified":"2024-05-27T10:17:56","modified_gmt":"2024-05-27T14:17:56","slug":"frio-intenso-em-nova-alvorada-do-sul-madrugada-marca-10oc-e-maxima-do-dia-nao-deve-passar-de-13oc","status":"publish","type":"post","link":"https:\/\/jornaloalvorada.com.br\/site\/2024\/05\/27\/frio-intenso-em-nova-alvorada-do-sul-madrugada-marca-10oc-e-maxima-do-dia-nao-deve-passar-de-13oc\/","title":{"rendered":"Frio Intenso em Nova Alvorada do Sul: Madrugada Marca 10\u00baC e M\u00e1xima do Dia N\u00e3o Deve Passar de 13\u00baC"},"content":{"rendered":"\n<p>Nova Alvorada do Sul, MS &#8211; Os moradores de Nova Alvorada do Sul enfrentaram uma madrugada gelada nesta segunda-feira, com os term\u00f4metros registrando uma m\u00ednima de 10\u00baC. Durante o dia, a previs\u00e3o \u00e9 que a temperatura m\u00e1xima n\u00e3o ultrapasse os 13\u00baC, mantendo o clima frio e \u00famido na regi\u00e3o.<\/p>\n\n\n\n<p>Este frio at\u00edpico para a regi\u00e3o tem levado os moradores a se agasalharem bem e a tomarem medidas extras para manterem suas casas aquecidas. O c\u00e9u permanece nublado, contribuindo para a sensa\u00e7\u00e3o de frio.<\/p>\n\n\n\n<p>A boa not\u00edcia \u00e9 que a partir de quarta-feira, as temperaturas come\u00e7am a subir gradualmente. A previs\u00e3o indica que os term\u00f4metros devem alcan\u00e7ar os 20\u00baC, proporcionando um al\u00edvio do frio intenso dos \u00faltimos dias. Os dias seguintes prometem ser mais amenos e agrad\u00e1veis, com temperaturas mais altas durante o per\u00edodo diurno.<\/p>\n\n\n\n<p>Os meteorologistas recomendam que a popula\u00e7\u00e3o continue a se proteger do frio, especialmente durante as madrugadas e manh\u00e3s, at\u00e9 que as temperaturas se estabilizem em n\u00edveis mais confort\u00e1veis.<\/p>\n","protected":false},"excerpt":{"rendered":"<p>Nova Alvorada do Sul, MS &#8211; Os moradores de Nova Alvorada do Sul enfrentaram uma madrugada gelada nesta segunda-feira, com<\/p>\n","protected":false},"author":1,"featured_media":6334,"comment_status":"open","ping_status":"open","sticky":false,"template":"","format":"standard","meta":{"footnotes":""},"categories":[2],"tags":[],"class_list":["post-6333","post","type-post","status-publish","format-standard","has-post-thumbnail","hentry","category-noticias"],"_links":{"self":[{"href":"https:\/\/jornaloalvorada.com.br\/site\/wp-json\/wp\/v2\/posts\/6333","targetHints":{"allow":["GET"]}}],"collection":[{"href":"https:\/\/jornaloalvorada.com.br\/site\/wp-json\/wp\/v2\/posts"}],"about":[{"href":"https:\/\/jornaloalvorada.com.br\/site\/wp-json\/wp\/v2\/types\/post"}],"author":[{"embeddable":true,"href":"https:\/\/jornaloalvorada.com.br\/site\/wp-json\/wp\/v2\/users\/1"}],"replies":[{"embeddable":true,"href":"https:\/\/jornaloalvorada.com.br\/site\/wp-json\/wp\/v2\/comments?post=6333"}],"version-history":[{"count":1,"href":"https:\/\/jornaloalvorada.com.br\/site\/wp-json\/wp\/v2\/posts\/6333\/revisions"}],"predecessor-version":[{"id":6335,"href":"https:\/\/jornaloalvorada.com.br\/site\/wp-json\/wp\/v2\/posts\/6333\/revisions\/6335"}],"wp:featuredmedia":[{"embeddable":true,"href":"https:\/\/jornaloalvorada.com.br\/site\/wp-json\/wp\/v2\/media\/6334"}],"wp:attachment":[{"href":"https:\/\/jornaloalvorada.com.br\/site\/wp-json\/wp\/v2\/media?parent=6333"}],"wp:term":[{"taxonomy":"category","embeddable":true,"href":"https:\/\/jornaloalvorada.com.br\/site\/wp-json\/wp\/v2\/categories?post=6333"},{"taxonomy":"post_tag","embeddable":true,"href":"https:\/\/jornaloalvorada.com.br\/site\/wp-json\/wp\/v2\/tags?post=6333"}],"curies":[{"name":"wp","href":"https:\/\/api.w.org\/{rel}","templated":true}]}}