{"id":6330,"date":"2024-05-27T09:26:32","date_gmt":"2024-05-27T13:26:32","guid":{"rendered":"https:\/\/jornaloalvorada.com.br\/site\/?p=6330"},"modified":"2024-05-27T09:26:35","modified_gmt":"2024-05-27T13:26:35","slug":"ataque-de-israel-a-acampamento-de-rafah-gera-condenacao-internacional","status":"publish","type":"post","link":"https:\/\/jornaloalvorada.com.br\/site\/2024\/05\/27\/ataque-de-israel-a-acampamento-de-rafah-gera-condenacao-internacional\/","title":{"rendered":"Ataque de Israel a acampamento de Rafah gera condena\u00e7\u00e3o internacional"},"content":{"rendered":"\n<p>Um ataque a\u00e9reo de Israel matou pelo menos 35 pessoas em um acampamento na cidade de Rafah, em Gaza, de acordo com m\u00e9dicos. L\u00edderes europeus condenaram a a\u00e7\u00e3o nesta segunda-feira (27) e\u00a0pediram que decis\u00e3o da Corte Mundial seja implementada para interromper a ofensiva israelense.<\/p>\n\n\n\n<p>Em cenas familiares de uma guerra que est\u00e1 em seu oitavo m\u00eas, fam\u00edlias palestinas correram para os hospitais a fim de organizar os enterros de conhecidos mortos, depois que o ataque no domingo incendiou tendas e abrigos prec\u00e1rios.<\/p>\n\n\n\n<p>Mulheres choravam e homens faziam ora\u00e7\u00f5es ao lado dos corpos envoltos em mortalhas.<\/p>\n\n\n\n<p>&#8220;O mundo inteiro est\u00e1 testemunhando Rafah sendo queimada por Israel e ningu\u00e9m est\u00e1 fazendo nada para impedir isso&#8221;, disse Bassam, um morador da cidade, em mensagem na internet, sobre o ataque a&nbsp;uma \u00e1rea do oeste&nbsp;que havia sido designada como zona segura.<\/p>\n\n\n\n<p>Apesar de um clamor global pelo n\u00famero de civis mortos, os tanques israelenses continuaram bombardeando as \u00e1reas leste e central da cidade, matando oito pessoas, segundo autoridades de sa\u00fade locais.<\/p>\n\n\n\n<p>As For\u00e7as Armadas de Israel disseram que o ataque a\u00e9reo de domingo, baseado em &#8220;intelig\u00eancia precisa&#8221;, eliminou o chefe de gabinete do grupo militante Hamas para o segundo e maior territ\u00f3rio palestino, a Cisjord\u00e2nia, al\u00e9m de outro oficial respons\u00e1vel por ataques a israelenses.<\/p>\n\n\n\n<p>Ontem, o governo havia dito que oito foguetes foram interceptados ap\u00f3s serem disparados de Rafah. Um ministro afirmou&nbsp;que isso mostrava a necessidade de continuar as opera\u00e7\u00f5es contra o Hamas.<\/p>\n\n\n\n<p>O ataque ocorreu no bairro de Tel Al-Sultan, onde milhares de pessoas estavam abrigadas depois que as for\u00e7as Israelenses iniciaram&nbsp;ofensiva terrestre no leste de Rafah h\u00e1 mais de duas semanas.<\/p>\n\n\n\n<p>Muitos dos mortos eram mulheres e crian\u00e7as, disseram as autoridades de sa\u00fade, acrescentando que o n\u00famero de \u00f3bitos provavelmente aumentar\u00e1, pois alguns ficaram&nbsp;em estado cr\u00edtico com queimaduras graves.<\/p>\n\n\n\n<p>Israel manteve os ataques a Rafah, apesar de uma decis\u00e3o do principal tribunal da Organiza\u00e7\u00e3o das Na\u00e7\u00f5es Unidas (ONU) na sexta-feira, ordenando que parassem, argumentando que a decis\u00e3o da corte lhe concede alguma margem para a\u00e7\u00e3o militar no local.<\/p>\n\n\n\n<p>A ministra das Rela\u00e7\u00f5es Exteriores da Alemanha, Annalena Baerbock, e o chefe de&nbsp;pol\u00edtica externa da Uni\u00e3o Europeia, Josep Borrell, disseram que a decis\u00e3o deve ser respeitada. &#8220;A lei humanit\u00e1ria internacional se aplica a todos, inclusive \u00e0 condu\u00e7\u00e3o da guerra por parte de Israel&#8221;, afirmou&nbsp;Baerbock.<\/p>\n\n\n\n<p>Para a ag\u00eancia da ONU para refugiados palestinos, a situa\u00e7\u00e3o \u00e9 horr\u00edvel. &#8220;Gaza \u00e9 o inferno na terra. As imagens da noite passada s\u00e3o mais uma prova disso&#8221;, escreveu a UNRWA na rede social&nbsp;&nbsp;X.<\/p>\n\n\n\n<p>Cerca de 36 mil&nbsp;palestinos foram mortos at\u00e9 o momento na ofensiva israelense, segundo autoridades de sa\u00fade. Israel lan\u00e7ou a opera\u00e7\u00e3o depois que militantes liderados pelo Hamas atacaram comunidades do sul do pa\u00eds em 7 de outubro, matando cerca de 1.200 pessoas e fazendo mais de 250 ref\u00e9ns, de acordo com os registros israelenses.<\/p>\n\n\n\n<p>O Egito condenou o &#8220;bombardeio deliberado das tendas dos deslocados&#8221; pelos militares israelenses, informou a m\u00eddia estatal, descrevendo-o como uma viola\u00e7\u00e3o flagrante do direito internacional.<\/p>\n\n\n\n<p>A Ar\u00e1bia Saudita tamb\u00e9m condenou o ataque israelense e o Catar disse que o ataque em Rafah pode prejudicar os esfor\u00e7os para mediar um cessar-fogo e a troca de ref\u00e9ns.<\/p>\n\n\n\n<p><strong><em>Fonte: Ag\u00eancia Brasil<\/em><\/strong><\/p>\n","protected":false},"excerpt":{"rendered":"<p>Um ataque a\u00e9reo de Israel matou pelo menos 35 pessoas em um acampamento na cidade de Rafah, em Gaza, de<\/p>\n","protected":false},"author":1,"featured_media":6331,"comment_status":"open","ping_status":"open","sticky":false,"template":"","format":"standard","meta":{"footnotes":""},"categories":[2],"tags":[],"class_list":["post-6330","post","type-post","status-publish","format-standard","has-post-thumbnail","hentry","category-noticias"],"_links":{"self":[{"href":"https:\/\/jornaloalvorada.com.br\/site\/wp-json\/wp\/v2\/posts\/6330","targetHints":{"allow":["GET"]}}],"collection":[{"href":"https:\/\/jornaloalvorada.com.br\/site\/wp-json\/wp\/v2\/posts"}],"about":[{"href":"https:\/\/jornaloalvorada.com.br\/site\/wp-json\/wp\/v2\/types\/post"}],"author":[{"embeddable":true,"href":"https:\/\/jornaloalvorada.com.br\/site\/wp-json\/wp\/v2\/users\/1"}],"replies":[{"embeddable":true,"href":"https:\/\/jornaloalvorada.com.br\/site\/wp-json\/wp\/v2\/comments?post=6330"}],"version-history":[{"count":1,"href":"https:\/\/jornaloalvorada.com.br\/site\/wp-json\/wp\/v2\/posts\/6330\/revisions"}],"predecessor-version":[{"id":6332,"href":"https:\/\/jornaloalvorada.com.br\/site\/wp-json\/wp\/v2\/posts\/6330\/revisions\/6332"}],"wp:featuredmedia":[{"embeddable":true,"href":"https:\/\/jornaloalvorada.com.br\/site\/wp-json\/wp\/v2\/media\/6331"}],"wp:attachment":[{"href":"https:\/\/jornaloalvorada.com.br\/site\/wp-json\/wp\/v2\/media?parent=6330"}],"wp:term":[{"taxonomy":"category","embeddable":true,"href":"https:\/\/jornaloalvorada.com.br\/site\/wp-json\/wp\/v2\/categories?post=6330"},{"taxonomy":"post_tag","embeddable":true,"href":"https:\/\/jornaloalvorada.com.br\/site\/wp-json\/wp\/v2\/tags?post=6330"}],"curies":[{"name":"wp","href":"https:\/\/api.w.org\/{rel}","templated":true}]}}