{"id":6317,"date":"2024-05-27T09:03:27","date_gmt":"2024-05-27T13:03:27","guid":{"rendered":"https:\/\/jornaloalvorada.com.br\/site\/?p=6317"},"modified":"2024-05-27T09:03:30","modified_gmt":"2024-05-27T13:03:30","slug":"atencao-condutores-ultima-semana-para-pagar-o-licenciamento-de-veiculos-placa-final-3","status":"publish","type":"post","link":"https:\/\/jornaloalvorada.com.br\/site\/2024\/05\/27\/atencao-condutores-ultima-semana-para-pagar-o-licenciamento-de-veiculos-placa-final-3\/","title":{"rendered":"Aten\u00e7\u00e3o condutores: \u00faltima semana para pagar o licenciamento de ve\u00edculos placa final 3"},"content":{"rendered":"\n<p>Termina nesta semana o prazo para quitar o licenciamento junto ao Detran-MS (Departamento Estadual de Tr\u00e2nsito de Mato Grosso do Sul) dos ve\u00edculos com placas com final 3. Ao todo, s\u00e3o 367.425 mil ve\u00edculos que devem ser licenciados no Estado.<\/p>\n\n\n\n<p>A taxa de licenciamento de 2024 \u00e9 a mesma para todo tipo de ve\u00edculo: R$ 219,34. Pode haver varia\u00e7\u00e3o conforme o valor unit\u00e1rio da Uferms (Unidade Fiscal Estadual de Refer\u00eancia de Mato Grosso do Sul). Se o propriet\u00e1rio do ve\u00edculo pagar fora do prazo, o valor ser\u00e1 atualizado para R$ 284,70.&nbsp;&nbsp;<\/p>\n\n\n\n<p>O licenciamento pode ser pago at\u00e9 dia 31 de maio, pelo autoatendimento, no portal de servi\u00e7os Meu Detran ou pelo aplicativo Detran MS. Ou o cidad\u00e3o pode buscar atendimento presencial em uma ag\u00eancia do Detran-MS at\u00e9 dia 29 de maio, j\u00e1 que dia 30 e 31 de maio n\u00e3o haver\u00e1 expediente no \u00f3rg\u00e3o.<\/p>\n\n\n\n<p><strong>Certificado de Licenciamento<\/strong><\/p>\n\n\n\n<p>O Detran-MS alerta que o pagamento da guia n\u00e3o significa que o documento (CRLV) foi emitido, pois h\u00e1 situa\u00e7\u00f5es que bloqueiam a continuidade da emiss\u00e3o, por exemplo, ter registrado uma inten\u00e7\u00e3o de venda ou se existir uma pend\u00eancia de recall.<\/p>\n\n\n\n<p>Portanto, \u00e9 fundamental que o propriet\u00e1rio certifique que foi emitido o CRLV, por meio do aplicativo CDT, se o documento for digital, ou v\u00e1 at\u00e9 uma ag\u00eancia do Detran fazer essa confer\u00eancia.<\/p>\n\n\n\n<p>O porte do documento CRLV (Certificado de Registro e Licenciamento de Ve\u00edculo) \u00e9 obrigat\u00f3rio e deve ser apresentado \u00e0 autoridade de tr\u00e2nsito sempre que solicitado, seja o documento f\u00edsico impresso ou digital por meio da CDT (Carteira Digital de Tr\u00e2nsito).<\/p>\n\n\n\n<p><strong>Infra\u00e7\u00e3o em caso de licenciamento atrasado<\/strong><\/p>\n\n\n\n<p>Vale lembrar que o motorista flagrado circulando com ve\u00edculo n\u00e3o licenciado comete uma infra\u00e7\u00e3o grav\u00edssima. O art. 230 do C\u00f3digo de Tr\u00e2nsito Brasileiro (CTB) prev\u00ea aplica\u00e7\u00e3o de multa de R$ 293,47 e 7 pontos na carteira, al\u00e9m da medida administrativa de remo\u00e7\u00e3o do ve\u00edculo ao p\u00e1tio at\u00e9 a regulariza\u00e7\u00e3o do documento.<\/p>\n\n\n\n<p><em>Emmanuelly Castro, Comunica\u00e7\u00e3o Detran-MS<br><\/em><em>Foto: \u00c1lvaro Rezende<\/em><\/p>\n","protected":false},"excerpt":{"rendered":"<p>Termina nesta semana o prazo para quitar o licenciamento junto ao Detran-MS (Departamento Estadual de Tr\u00e2nsito de Mato Grosso do<\/p>\n","protected":false},"author":1,"featured_media":3864,"comment_status":"open","ping_status":"open","sticky":false,"template":"","format":"standard","meta":{"footnotes":""},"categories":[2],"tags":[],"class_list":["post-6317","post","type-post","status-publish","format-standard","has-post-thumbnail","hentry","category-noticias"],"_links":{"self":[{"href":"https:\/\/jornaloalvorada.com.br\/site\/wp-json\/wp\/v2\/posts\/6317","targetHints":{"allow":["GET"]}}],"collection":[{"href":"https:\/\/jornaloalvorada.com.br\/site\/wp-json\/wp\/v2\/posts"}],"about":[{"href":"https:\/\/jornaloalvorada.com.br\/site\/wp-json\/wp\/v2\/types\/post"}],"author":[{"embeddable":true,"href":"https:\/\/jornaloalvorada.com.br\/site\/wp-json\/wp\/v2\/users\/1"}],"replies":[{"embeddable":true,"href":"https:\/\/jornaloalvorada.com.br\/site\/wp-json\/wp\/v2\/comments?post=6317"}],"version-history":[{"count":1,"href":"https:\/\/jornaloalvorada.com.br\/site\/wp-json\/wp\/v2\/posts\/6317\/revisions"}],"predecessor-version":[{"id":6318,"href":"https:\/\/jornaloalvorada.com.br\/site\/wp-json\/wp\/v2\/posts\/6317\/revisions\/6318"}],"wp:featuredmedia":[{"embeddable":true,"href":"https:\/\/jornaloalvorada.com.br\/site\/wp-json\/wp\/v2\/media\/3864"}],"wp:attachment":[{"href":"https:\/\/jornaloalvorada.com.br\/site\/wp-json\/wp\/v2\/media?parent=6317"}],"wp:term":[{"taxonomy":"category","embeddable":true,"href":"https:\/\/jornaloalvorada.com.br\/site\/wp-json\/wp\/v2\/categories?post=6317"},{"taxonomy":"post_tag","embeddable":true,"href":"https:\/\/jornaloalvorada.com.br\/site\/wp-json\/wp\/v2\/tags?post=6317"}],"curies":[{"name":"wp","href":"https:\/\/api.w.org\/{rel}","templated":true}]}}