{"id":6314,"date":"2024-05-27T09:02:24","date_gmt":"2024-05-27T13:02:24","guid":{"rendered":"https:\/\/jornaloalvorada.com.br\/site\/?p=6314"},"modified":"2024-05-27T09:02:27","modified_gmt":"2024-05-27T13:02:27","slug":"mato-grosso-do-sul-tem-previsao-de-alta-nebulosidade-e-baixas-temperaturas-nesta-segunda-feira","status":"publish","type":"post","link":"https:\/\/jornaloalvorada.com.br\/site\/2024\/05\/27\/mato-grosso-do-sul-tem-previsao-de-alta-nebulosidade-e-baixas-temperaturas-nesta-segunda-feira\/","title":{"rendered":"Mato Grosso do Sul tem previs\u00e3o de alta nebulosidade e baixas temperaturas nesta segunda-feira"},"content":{"rendered":"\n<p>Com alta nebulosidade, esta segunda-feira (27) tem previs\u00e3o de baixas temperaturas em grande parte de Mato Grosso do Sul. De acordo com o Inmet (Instituto Nacional de Meteorologia), os valores de umidade relativa do ar estar\u00e3o altos principalmente no Sul do Estado, com varia\u00e7\u00e3o entre 60% e 100% na fronteira com o Paraguai.<\/p>\n\n\n\n<p>Na Capital, os term\u00f4metros marcam 12\u00b0C inicialmente e chegam aos 21\u00b0C ao longo do dia. Em Dourados, a m\u00ednima \u00e9 de 9\u00b0C e a m\u00e1xima de 16\u00b0C. Na regi\u00e3o Sul-Fronteira, Ponta Por\u00e3 apresenta varia\u00e7\u00e3o entre 7\u00b0C e 15\u00b0C. Anauril\u00e2ndia, na regi\u00e3o Leste, tem m\u00ednima de 13\u00b0C e m\u00e1xima de 18\u00b0C.<\/p>\n\n\n\n<p>No Bols\u00e3o, Tr\u00eas Lagoas amanhece com 15\u00b0C e chega aos 23\u00b0C \u00e0 tarde; em Parana\u00edba, na mesma regi\u00e3o, a m\u00ednima \u00e9 de 16\u00b0C e a m\u00e1xima de 25\u00b0C. No munic\u00edpio de Coxim, no Norte do Estado, os valores variam entre 15\u00b0C e 24\u00b0C.<\/p>\n\n\n\n<p>Corumb\u00e1, na regi\u00e3o pantaneira, tem m\u00ednima de 11\u00b0C e m\u00e1xima de 21\u00b0C, j\u00e1 Aquidauana registra 12\u00b0C pela manh\u00e3 e atinge 19\u00b0C nos hor\u00e1rios mais quentes. No Sudoeste, as temperaturas em Porto Murtinho iniciam aos 9\u00b0C e sobem at\u00e9 16\u00b0C.<\/p>\n\n\n\n<p><em>Heloisa Duim, do Programa de Est\u00e1gio Supervisionado<\/em><\/p>\n\n\n\n<p><em>Foto: \u00c1lvaro Rezende<\/em><\/p>\n","protected":false},"excerpt":{"rendered":"<p>Com alta nebulosidade, esta segunda-feira (27) tem previs\u00e3o de baixas temperaturas em grande parte de Mato Grosso do Sul. De<\/p>\n","protected":false},"author":1,"featured_media":6315,"comment_status":"open","ping_status":"open","sticky":false,"template":"","format":"standard","meta":{"footnotes":""},"categories":[2],"tags":[],"class_list":["post-6314","post","type-post","status-publish","format-standard","has-post-thumbnail","hentry","category-noticias"],"_links":{"self":[{"href":"https:\/\/jornaloalvorada.com.br\/site\/wp-json\/wp\/v2\/posts\/6314","targetHints":{"allow":["GET"]}}],"collection":[{"href":"https:\/\/jornaloalvorada.com.br\/site\/wp-json\/wp\/v2\/posts"}],"about":[{"href":"https:\/\/jornaloalvorada.com.br\/site\/wp-json\/wp\/v2\/types\/post"}],"author":[{"embeddable":true,"href":"https:\/\/jornaloalvorada.com.br\/site\/wp-json\/wp\/v2\/users\/1"}],"replies":[{"embeddable":true,"href":"https:\/\/jornaloalvorada.com.br\/site\/wp-json\/wp\/v2\/comments?post=6314"}],"version-history":[{"count":1,"href":"https:\/\/jornaloalvorada.com.br\/site\/wp-json\/wp\/v2\/posts\/6314\/revisions"}],"predecessor-version":[{"id":6316,"href":"https:\/\/jornaloalvorada.com.br\/site\/wp-json\/wp\/v2\/posts\/6314\/revisions\/6316"}],"wp:featuredmedia":[{"embeddable":true,"href":"https:\/\/jornaloalvorada.com.br\/site\/wp-json\/wp\/v2\/media\/6315"}],"wp:attachment":[{"href":"https:\/\/jornaloalvorada.com.br\/site\/wp-json\/wp\/v2\/media?parent=6314"}],"wp:term":[{"taxonomy":"category","embeddable":true,"href":"https:\/\/jornaloalvorada.com.br\/site\/wp-json\/wp\/v2\/categories?post=6314"},{"taxonomy":"post_tag","embeddable":true,"href":"https:\/\/jornaloalvorada.com.br\/site\/wp-json\/wp\/v2\/tags?post=6314"}],"curies":[{"name":"wp","href":"https:\/\/api.w.org\/{rel}","templated":true}]}}