{"id":6306,"date":"2024-05-24T09:15:33","date_gmt":"2024-05-24T13:15:33","guid":{"rendered":"https:\/\/jornaloalvorada.com.br\/site\/?p=6306"},"modified":"2024-05-24T09:15:36","modified_gmt":"2024-05-24T13:15:36","slug":"frio-a-vista-sexta-tem-virada-no-tempo-com-reducao-nas-temperaturas-e-ceu-encoberto-em-ms","status":"publish","type":"post","link":"https:\/\/jornaloalvorada.com.br\/site\/2024\/05\/24\/frio-a-vista-sexta-tem-virada-no-tempo-com-reducao-nas-temperaturas-e-ceu-encoberto-em-ms\/","title":{"rendered":"Frio \u00e0 vista: sexta tem virada no tempo com redu\u00e7\u00e3o nas temperaturas e c\u00e9u encoberto em MS"},"content":{"rendered":"\n<p>Com a passagem de frente fria intensa e r\u00e1pida em Mato Grosso do Sul, a previs\u00e3o para esta sexta-feira (24) indica uma virada significativa no tempo. De acordo com o Cemtec (Centro de Monitoramento do Tempo e do Clima), o grande destaque do dia \u00e9 a queda acentuada das temperaturas e o c\u00e9u bem encoberto.<\/p>\n\n\n\n<p>Al\u00e9m disso, existe ainda a possibilidade de chuvas, principalmente nas regi\u00f5es centro-sul e oeste. &#8220;Pontualmente, n\u00e3o descarta-se a possibilidade de tempestades isoladas, com rajadas de vento que podem levantar poeira devido \u00e0 situa\u00e7\u00e3o de tempo seco e mais de 30 dias sem chuva em algumas regi\u00f5es&#8221;, completa o \u00f3rg\u00e3o.<\/p>\n\n\n\n<p>Em Campo Grande, a m\u00ednima prevista \u00e9 de 16\u00b0C e a m\u00e1xima de 24\u00b0C. Os term\u00f4metros em Dourados marcam 14\u00baC inicialmente e chegam a 22\u00b0C ao longo do dia. Na fronteira com o Paraguai, Ponta Por\u00e3 amanhece com 11\u00b0C e atinge 19\u00baC \u00e0 tarde. Iguatemi, na regi\u00e3o Conesul, tem m\u00ednima de 13\u00b0C e m\u00e1xima de 21\u00baC.<\/p>\n\n\n\n<p>No Bols\u00e3o, Parana\u00edba apresenta varia\u00e7\u00e3o entre 18\u00baC e 32\u00baC, j\u00e1 a m\u00ednima em Tr\u00eas Lagoas \u00e9 de 20\u00b0C e a m\u00e1xima de 31\u00baC. Na regi\u00e3o norte, Coxim registra 18\u00baC pela manh\u00e3 e chega aos 27\u00b0C nos hor\u00e1rios mais quentes.<\/p>\n\n\n\n<p>Na regi\u00e3o pantaneira, Corumb\u00e1 tem m\u00ednima de 17\u00baC e m\u00e1xima de 25\u00baC; no munic\u00edpio de Aquidauana, os valores variam entre 16\u00b0C e 24\u00b0C. Em Porto Murtinho, no sudoeste do Estado, as temperaturas iniciam aos 14\u00b0C e sobem at\u00e9 18\u00baC.<\/p>\n\n\n\n<figure class=\"wp-block-image\"><a href=\"https:\/\/agenciadenoticias.ms.gov.br\/wp-content\/uploads\/2024\/05\/Mapa-Previsao-24-05-24.jpeg\"><img decoding=\"async\" src=\"https:\/\/agenciadenoticias.ms.gov.br\/wp-content\/uploads\/2024\/05\/Mapa-Previsao-24-05-24-1024x724.jpeg\" alt=\"\"\/><\/a><\/figure>\n\n\n\n<p><em>Heloisa Duim, do Programa de Est\u00e1gio Supervisionado<\/em><br><em>Foto: \u00c1lvaro Rezende<\/em><\/p>\n","protected":false},"excerpt":{"rendered":"<p>Com a passagem de frente fria intensa e r\u00e1pida em Mato Grosso do Sul, a previs\u00e3o para esta sexta-feira (24)<\/p>\n","protected":false},"author":1,"featured_media":1985,"comment_status":"open","ping_status":"open","sticky":false,"template":"","format":"standard","meta":{"footnotes":""},"categories":[2],"tags":[],"class_list":["post-6306","post","type-post","status-publish","format-standard","has-post-thumbnail","hentry","category-noticias"],"_links":{"self":[{"href":"https:\/\/jornaloalvorada.com.br\/site\/wp-json\/wp\/v2\/posts\/6306","targetHints":{"allow":["GET"]}}],"collection":[{"href":"https:\/\/jornaloalvorada.com.br\/site\/wp-json\/wp\/v2\/posts"}],"about":[{"href":"https:\/\/jornaloalvorada.com.br\/site\/wp-json\/wp\/v2\/types\/post"}],"author":[{"embeddable":true,"href":"https:\/\/jornaloalvorada.com.br\/site\/wp-json\/wp\/v2\/users\/1"}],"replies":[{"embeddable":true,"href":"https:\/\/jornaloalvorada.com.br\/site\/wp-json\/wp\/v2\/comments?post=6306"}],"version-history":[{"count":1,"href":"https:\/\/jornaloalvorada.com.br\/site\/wp-json\/wp\/v2\/posts\/6306\/revisions"}],"predecessor-version":[{"id":6307,"href":"https:\/\/jornaloalvorada.com.br\/site\/wp-json\/wp\/v2\/posts\/6306\/revisions\/6307"}],"wp:featuredmedia":[{"embeddable":true,"href":"https:\/\/jornaloalvorada.com.br\/site\/wp-json\/wp\/v2\/media\/1985"}],"wp:attachment":[{"href":"https:\/\/jornaloalvorada.com.br\/site\/wp-json\/wp\/v2\/media?parent=6306"}],"wp:term":[{"taxonomy":"category","embeddable":true,"href":"https:\/\/jornaloalvorada.com.br\/site\/wp-json\/wp\/v2\/categories?post=6306"},{"taxonomy":"post_tag","embeddable":true,"href":"https:\/\/jornaloalvorada.com.br\/site\/wp-json\/wp\/v2\/tags?post=6306"}],"curies":[{"name":"wp","href":"https:\/\/api.w.org\/{rel}","templated":true}]}}