{"id":6294,"date":"2024-05-23T16:16:13","date_gmt":"2024-05-23T20:16:13","guid":{"rendered":"https:\/\/jornaloalvorada.com.br\/site\/?p=6294"},"modified":"2024-05-23T16:16:17","modified_gmt":"2024-05-23T20:16:17","slug":"cartao-rosa-nova-regra-e-anunciada-pela-conmebol-para-a-copa-america-veja-como-funciona","status":"publish","type":"post","link":"https:\/\/jornaloalvorada.com.br\/site\/2024\/05\/23\/cartao-rosa-nova-regra-e-anunciada-pela-conmebol-para-a-copa-america-veja-como-funciona\/","title":{"rendered":"\u201cCart\u00e3o Rosa\u201d: nova regra \u00e9 anunciada pela Conmebol para a Copa Am\u00e9rica; veja como funciona"},"content":{"rendered":"\n<p>Em uma iniciativa in\u00e9dita para priorizar a sa\u00fade dos atletas, a Conmebol introduziu o <strong>cart\u00e3o rosa<\/strong> no regulamento da Copa Am\u00e9rica 2024. Implementado no artigo 96, o cart\u00e3o permite uma substitui\u00e7\u00e3o extra por equipe em caso de suspeita de traumatismo cranioencef\u00e1lico ou concuss\u00e3o cerebral, sem descontar das cinco j\u00e1 permitidas por partida (ou seis em caso de prorroga\u00e7\u00e3o).<\/p>\n\n\n\n<p>Para acionar o protocolo, o t\u00e9cnico deve informar a arbitragem, que exibir\u00e1 um cart\u00e3o rosa e registrar\u00e1 a substitui\u00e7\u00e3o. O jogador substitu\u00eddo n\u00e3o poder\u00e1 retornar ao campo e ser\u00e1 encaminhado ao vesti\u00e1rio ou atendimento m\u00e9dico \u201csempre que poss\u00edvel\u201d. A equipe m\u00e9dica da Conmebol tamb\u00e9m deve receber um relat\u00f3rio de avalia\u00e7\u00e3o do caso em at\u00e9 24 horas ap\u00f3s a partida.<\/p>\n\n\n\n<p><strong>Ressalvas:<\/strong><\/p>\n\n\n\n<ul class=\"wp-block-list\">\n<li>Se uma substitui\u00e7\u00e3o normal for feita junto com a do cart\u00e3o rosa, a equipe perde uma das cinco altera\u00e7\u00f5es regulares.<\/li>\n\n\n\n<li>A equipe advers\u00e1ria ter\u00e1 direito a uma substitui\u00e7\u00e3o adicional em caso de mudan\u00e7a por concuss\u00e3o.<\/li>\n<\/ul>\n\n\n\n<p><strong>Objetivo:<\/strong><\/p>\n\n\n\n<p>A medida visa garantir a sa\u00fade dos jogadores, evitando que retornem ao campo em condi\u00e7\u00f5es inseguras ap\u00f3s uma les\u00e3o na cabe\u00e7a. A Conmebol espera que o cart\u00e3o rosa incentive a prioriza\u00e7\u00e3o da sa\u00fade e ajude a prevenir traumas mais graves.<\/p>\n\n\n\n<p><strong>Copa Am\u00e9rica:<\/strong><\/p>\n\n\n\n<p>As novas regras estreiam na Copa Am\u00e9rica, que acontece entre 20 de junho e 14 de julho nos Estados Unidos. A Sele\u00e7\u00e3o Brasileira, no Grupo D, estreia no dia 24 contra a Costa Rica, com Col\u00f4mbia e Paraguai completando a chave.<\/p>\n\n\n\n<p><strong>Importante:<\/strong><\/p>\n\n\n\n<ul class=\"wp-block-list\">\n<li>O cart\u00e3o rosa n\u00e3o substitui a avalia\u00e7\u00e3o m\u00e9dica especializada.<\/li>\n\n\n\n<li>Em caso de suspeita de concuss\u00e3o cerebral, a prioridade deve ser sempre a sa\u00fade do jogador.<\/li>\n<\/ul>\n\n\n\n<p>Fonte: Ag\u00eancia Brasil<\/p>\n","protected":false},"excerpt":{"rendered":"<p>Em uma iniciativa in\u00e9dita para priorizar a sa\u00fade dos atletas, a Conmebol introduziu o cart\u00e3o rosa no regulamento da Copa<\/p>\n","protected":false},"author":1,"featured_media":6295,"comment_status":"open","ping_status":"open","sticky":false,"template":"","format":"standard","meta":{"footnotes":""},"categories":[2],"tags":[],"class_list":["post-6294","post","type-post","status-publish","format-standard","has-post-thumbnail","hentry","category-noticias"],"_links":{"self":[{"href":"https:\/\/jornaloalvorada.com.br\/site\/wp-json\/wp\/v2\/posts\/6294","targetHints":{"allow":["GET"]}}],"collection":[{"href":"https:\/\/jornaloalvorada.com.br\/site\/wp-json\/wp\/v2\/posts"}],"about":[{"href":"https:\/\/jornaloalvorada.com.br\/site\/wp-json\/wp\/v2\/types\/post"}],"author":[{"embeddable":true,"href":"https:\/\/jornaloalvorada.com.br\/site\/wp-json\/wp\/v2\/users\/1"}],"replies":[{"embeddable":true,"href":"https:\/\/jornaloalvorada.com.br\/site\/wp-json\/wp\/v2\/comments?post=6294"}],"version-history":[{"count":1,"href":"https:\/\/jornaloalvorada.com.br\/site\/wp-json\/wp\/v2\/posts\/6294\/revisions"}],"predecessor-version":[{"id":6296,"href":"https:\/\/jornaloalvorada.com.br\/site\/wp-json\/wp\/v2\/posts\/6294\/revisions\/6296"}],"wp:featuredmedia":[{"embeddable":true,"href":"https:\/\/jornaloalvorada.com.br\/site\/wp-json\/wp\/v2\/media\/6295"}],"wp:attachment":[{"href":"https:\/\/jornaloalvorada.com.br\/site\/wp-json\/wp\/v2\/media?parent=6294"}],"wp:term":[{"taxonomy":"category","embeddable":true,"href":"https:\/\/jornaloalvorada.com.br\/site\/wp-json\/wp\/v2\/categories?post=6294"},{"taxonomy":"post_tag","embeddable":true,"href":"https:\/\/jornaloalvorada.com.br\/site\/wp-json\/wp\/v2\/tags?post=6294"}],"curies":[{"name":"wp","href":"https:\/\/api.w.org\/{rel}","templated":true}]}}