{"id":6286,"date":"2024-05-23T08:57:17","date_gmt":"2024-05-23T12:57:17","guid":{"rendered":"https:\/\/jornaloalvorada.com.br\/site\/?p=6286"},"modified":"2024-05-23T08:57:20","modified_gmt":"2024-05-23T12:57:20","slug":"prepare-o-guarda-chuvas-com-aproximacao-de-frente-fria-tempo-fica-instavel-nesta-quinta-feira","status":"publish","type":"post","link":"https:\/\/jornaloalvorada.com.br\/site\/2024\/05\/23\/prepare-o-guarda-chuvas-com-aproximacao-de-frente-fria-tempo-fica-instavel-nesta-quinta-feira\/","title":{"rendered":"Prepare o guarda-chuvas: com aproxima\u00e7\u00e3o de frente fria, tempo fica inst\u00e1vel nesta quinta-feira"},"content":{"rendered":"\n<p>Com poss\u00edvel mudan\u00e7a no tempo em Mato Grosso do Sul, a previs\u00e3o para esta quinta-feira (23) indica aumento de nebulosidade e probabilidade de chuvas e tempestades principalmente nas regi\u00f5es Sudoeste, Centro-Sul e Pantanal.<\/p>\n\n\n\n<p>De acordo com o Cemtec (Centro de Monitoramento do Tempo e do Clima), tais instabilidades ocorrem devido \u00e0 aproxima\u00e7\u00e3o de uma nova frente fria aliada ao avan\u00e7o de cavados e atua\u00e7\u00e3o de uma \u00e1rea de baixa press\u00e3o atmosf\u00e9rica.<\/p>\n\n\n\n<p>Os term\u00f4metros em Campo Grande marcam 21\u00baC inicialmente e chega aos 31\u00baC nos hor\u00e1rios mais quentes. Em Dourados, a m\u00ednima \u00e9 de 19\u00baC e a m\u00e1xima semelhante \u00e0 capital. Na regi\u00e3o Sul-Fronteira, Ponta Por\u00e3 tem m\u00ednima de 16\u00baC e m\u00e1xima de 27\u00baC. Anauril\u00e2ndia, na regi\u00e3o Leste, apresenta varia\u00e7\u00e3o entre 20\u00b0C e 33\u00b0C.<\/p>\n\n\n\n<p>No Bols\u00e3o, Parana\u00edba tem m\u00ednima de 17\u00b0C e m\u00e1xima de 32\u00baC; j\u00e1 em Tr\u00eas Lagoas, as temperaturas iniciam aos 20\u00b0C e sobem at\u00e9 34\u00b0C. Coxim, na regi\u00e3o Norte, amanhece com 20\u00b0C e chega aos 33\u00b0C ao longo do dia.<\/p>\n\n\n\n<p>Corumb\u00e1 e Aquidauana, na regi\u00e3o pantaneira, marcam 21\u00b0C pela manh\u00e3, com m\u00e1ximas de 31\u00baC e 32\u00b0C, respectivamente. Porto Murtinho, no Sudoeste do Estado, registra a temperatura mais baixa do dia, com valores que variam entre 15\u00baC e 29\u00baC.<\/p>\n\n\n\n<figure class=\"wp-block-image\"><a href=\"https:\/\/agenciadenoticias.ms.gov.br\/wp-content\/uploads\/2024\/05\/Mapa-Previsao-23-05-24.jpeg\"><img decoding=\"async\" src=\"https:\/\/agenciadenoticias.ms.gov.br\/wp-content\/uploads\/2024\/05\/Mapa-Previsao-23-05-24-1024x724.jpeg\" alt=\"\"\/><\/a><\/figure>\n\n\n\n<p><em>Heloisa Duim, do Programa de Est\u00e1gio Supervisionado<br>Foto: \u00c1lvaro Rezende<\/em><\/p>\n","protected":false},"excerpt":{"rendered":"<p>Com poss\u00edvel mudan\u00e7a no tempo em Mato Grosso do Sul, a previs\u00e3o para esta quinta-feira (23) indica aumento de nebulosidade<\/p>\n","protected":false},"author":1,"featured_media":2544,"comment_status":"open","ping_status":"open","sticky":false,"template":"","format":"standard","meta":{"footnotes":""},"categories":[2],"tags":[],"class_list":["post-6286","post","type-post","status-publish","format-standard","has-post-thumbnail","hentry","category-noticias"],"_links":{"self":[{"href":"https:\/\/jornaloalvorada.com.br\/site\/wp-json\/wp\/v2\/posts\/6286","targetHints":{"allow":["GET"]}}],"collection":[{"href":"https:\/\/jornaloalvorada.com.br\/site\/wp-json\/wp\/v2\/posts"}],"about":[{"href":"https:\/\/jornaloalvorada.com.br\/site\/wp-json\/wp\/v2\/types\/post"}],"author":[{"embeddable":true,"href":"https:\/\/jornaloalvorada.com.br\/site\/wp-json\/wp\/v2\/users\/1"}],"replies":[{"embeddable":true,"href":"https:\/\/jornaloalvorada.com.br\/site\/wp-json\/wp\/v2\/comments?post=6286"}],"version-history":[{"count":1,"href":"https:\/\/jornaloalvorada.com.br\/site\/wp-json\/wp\/v2\/posts\/6286\/revisions"}],"predecessor-version":[{"id":6287,"href":"https:\/\/jornaloalvorada.com.br\/site\/wp-json\/wp\/v2\/posts\/6286\/revisions\/6287"}],"wp:featuredmedia":[{"embeddable":true,"href":"https:\/\/jornaloalvorada.com.br\/site\/wp-json\/wp\/v2\/media\/2544"}],"wp:attachment":[{"href":"https:\/\/jornaloalvorada.com.br\/site\/wp-json\/wp\/v2\/media?parent=6286"}],"wp:term":[{"taxonomy":"category","embeddable":true,"href":"https:\/\/jornaloalvorada.com.br\/site\/wp-json\/wp\/v2\/categories?post=6286"},{"taxonomy":"post_tag","embeddable":true,"href":"https:\/\/jornaloalvorada.com.br\/site\/wp-json\/wp\/v2\/tags?post=6286"}],"curies":[{"name":"wp","href":"https:\/\/api.w.org\/{rel}","templated":true}]}}