{"id":6279,"date":"2024-05-22T14:29:45","date_gmt":"2024-05-22T18:29:45","guid":{"rendered":"https:\/\/jornaloalvorada.com.br\/site\/?p=6279"},"modified":"2024-05-22T14:30:11","modified_gmt":"2024-05-22T18:30:11","slug":"atletas-de-nova-alvorada-do-sul-se-consagram-campeoes-estadual-de-karate-no-mato-grosso-do-sul","status":"publish","type":"post","link":"https:\/\/jornaloalvorada.com.br\/site\/2024\/05\/22\/atletas-de-nova-alvorada-do-sul-se-consagram-campeoes-estadual-de-karate-no-mato-grosso-do-sul\/","title":{"rendered":"Atletas de Nova Alvorada do Sul se consagram campe\u00f5es estadual de Karate no Mato Grosso do Sul"},"content":{"rendered":"\n<figure class=\"wp-block-image size-large\"><img loading=\"lazy\" decoding=\"async\" width=\"1024\" height=\"461\" src=\"https:\/\/jornaloalvorada.com.br\/site\/wp-content\/uploads\/2024\/05\/social-nas2-1024x461.jpg\" alt=\"\" class=\"wp-image-6283\" srcset=\"https:\/\/jornaloalvorada.com.br\/site\/wp-content\/uploads\/2024\/05\/social-nas2-1024x461.jpg 1024w, https:\/\/jornaloalvorada.com.br\/site\/wp-content\/uploads\/2024\/05\/social-nas2-300x135.jpg 300w, https:\/\/jornaloalvorada.com.br\/site\/wp-content\/uploads\/2024\/05\/social-nas2-768x346.jpg 768w, https:\/\/jornaloalvorada.com.br\/site\/wp-content\/uploads\/2024\/05\/social-nas2.jpg 1280w\" sizes=\"auto, (max-width: 1024px) 100vw, 1024px\" \/><\/figure>\n\n\n\n<p>A atleta Julia Maria foi campe\u00e3 na primeira etapa do campeonato Estadual, categoria feminina 9 e 10 anos, e Kata em terceiro lugar. No masculino, o atleta Ahilton Levy foi campe\u00e3o estadual na categoria masculino 9 e 10 anos masculino.<\/p>\n\n\n\n<p>Quem se consagrou campe\u00e3o tamb\u00e9m, foi o atleta Alisson, campe\u00e3o na categoria peso leve adulto at\u00e9 70 kg, e kata vice-campe\u00e3o. O atleta Theo Davy subiu ao p\u00f3dio sendo vice-campe\u00e3o, na categoria Robocop. Nykollas Caetano foi vice -campe\u00e3o juvenil at\u00e9 17 anos.<\/p>\n\n\n\n<p>A atleta Jamilly ficou em quarto lugar em kata. O Campeonato foi realizado neste s\u00e1bado (18) em Ribas do Rio Pardo, onde mais uma vez os atletas da academia CTMASTER de Nova Alvorada do Sul comandada pelo Sensei Mario Cesar subiram ao p\u00f3dio representando o munic\u00edpio de Karat\u00ea.<\/p>\n\n\n\n<p>Ao todo, 6 atletas participaram do campeonato, conquistando 7 trof\u00e9us.<\/p>\n","protected":false},"excerpt":{"rendered":"<p>A atleta Julia Maria foi campe\u00e3 na primeira etapa do campeonato Estadual, categoria feminina 9 e 10 anos, e Kata<\/p>\n","protected":false},"author":1,"featured_media":6280,"comment_status":"open","ping_status":"open","sticky":false,"template":"","format":"standard","meta":{"footnotes":""},"categories":[3],"tags":[],"class_list":["post-6279","post","type-post","status-publish","format-standard","has-post-thumbnail","hentry","category-social"],"_links":{"self":[{"href":"https:\/\/jornaloalvorada.com.br\/site\/wp-json\/wp\/v2\/posts\/6279","targetHints":{"allow":["GET"]}}],"collection":[{"href":"https:\/\/jornaloalvorada.com.br\/site\/wp-json\/wp\/v2\/posts"}],"about":[{"href":"https:\/\/jornaloalvorada.com.br\/site\/wp-json\/wp\/v2\/types\/post"}],"author":[{"embeddable":true,"href":"https:\/\/jornaloalvorada.com.br\/site\/wp-json\/wp\/v2\/users\/1"}],"replies":[{"embeddable":true,"href":"https:\/\/jornaloalvorada.com.br\/site\/wp-json\/wp\/v2\/comments?post=6279"}],"version-history":[{"count":2,"href":"https:\/\/jornaloalvorada.com.br\/site\/wp-json\/wp\/v2\/posts\/6279\/revisions"}],"predecessor-version":[{"id":6284,"href":"https:\/\/jornaloalvorada.com.br\/site\/wp-json\/wp\/v2\/posts\/6279\/revisions\/6284"}],"wp:featuredmedia":[{"embeddable":true,"href":"https:\/\/jornaloalvorada.com.br\/site\/wp-json\/wp\/v2\/media\/6280"}],"wp:attachment":[{"href":"https:\/\/jornaloalvorada.com.br\/site\/wp-json\/wp\/v2\/media?parent=6279"}],"wp:term":[{"taxonomy":"category","embeddable":true,"href":"https:\/\/jornaloalvorada.com.br\/site\/wp-json\/wp\/v2\/categories?post=6279"},{"taxonomy":"post_tag","embeddable":true,"href":"https:\/\/jornaloalvorada.com.br\/site\/wp-json\/wp\/v2\/tags?post=6279"}],"curies":[{"name":"wp","href":"https:\/\/api.w.org\/{rel}","templated":true}]}}