{"id":6275,"date":"2024-05-22T11:17:59","date_gmt":"2024-05-22T15:17:59","guid":{"rendered":"https:\/\/jornaloalvorada.com.br\/site\/?p=6275"},"modified":"2024-05-22T11:18:02","modified_gmt":"2024-05-22T15:18:02","slug":"chuvas-na-africa-deixam-pelo-menos-473-mortos-e-16-milhao-de-afetados","status":"publish","type":"post","link":"https:\/\/jornaloalvorada.com.br\/site\/2024\/05\/22\/chuvas-na-africa-deixam-pelo-menos-473-mortos-e-16-milhao-de-afetados\/","title":{"rendered":"Chuvas na \u00c1frica deixam pelo menos 473 mortos e 1,6 milh\u00e3o de afetados"},"content":{"rendered":"\n<p>Pelo menos 473 pessoas morreram, 410.350 foram obrigadas a abandonar as casas e 1,6 milh\u00e3o\u00a0foram afetadas pelas chuvas e inunda\u00e7\u00f5es em v\u00e1rios pa\u00edses da \u00c1frica Oriental desde meados de mar\u00e7o, informou hoje a Organiza\u00e7\u00e3o das Na\u00e7\u00f5es Unidas (ONU).<\/p>\n\n\n\n<p>De acordo com estudo publicado pelo Gabinete de Coordena\u00e7\u00e3o dos Assuntos Humanit\u00e1rios das Na\u00e7\u00f5es Unidas (Ocha), as tempestades provocaram danos nas fontes de \u00e1gua e em outras instala\u00e7\u00f5es, o que agrava a propaga\u00e7\u00e3o de doen\u00e7as como a c\u00f3lera e o sarampo.<\/p>\n\n\n\n<p>O Qu\u00e9nia, a Tanz\u00e2nia, a Som\u00e1lia, a Eti\u00f3pia, Uganda e o Burundi s\u00e3o os pa\u00edses mais afetados por essa longa esta\u00e7\u00e3o das chuvas, que se prolonga normalmente de mar\u00e7o a maio, e que este ano foi agravada pelo fen\u00f4meno El Ni\u00f1o, uma altera\u00e7\u00e3o da din\u00e2mica atmosf\u00e9rica provocada pelo&nbsp;aumento da temperatura do Oceano Pac\u00edfico.<\/p>\n\n\n\n<p>Assim, as chuvas torrenciais, as inunda\u00e7\u00f5es repentinas e os deslizamentos de terras deixaram pelo menos 291 mortos, 188 feridos e 75 desaparecidos no Qu\u00eania, de acordo com os \u00faltimos dados do governo.<\/p>\n\n\n\n<p>Al\u00e9m disso, 278.380 pessoas foram obrigadas a fugir de suas casas e mais de 412.760 pessoas foram afetadas pelas chuvas.<\/p>\n\n\n\n<p>&#8220;A situa\u00e7\u00e3o das barragens e dos cursos de \u00e1gua em todo o pa\u00eds \u00e9 cr\u00edtica, com algumas a transbordar e os diques a sofrerem eros\u00e3o&#8221;, afirmou o Ocha.<\/p>\n\n\n\n<p>Os n\u00fameros preliminares da Tanz\u00e2nia indicam que 155 pessoas morreram em consequ\u00eancia das chuvas e 126 mil&nbsp;foram atingidas&nbsp;at\u00e9 o in\u00edcio de maio, segundo as autoridades.<\/p>\n\n\n\n<p>No domingo (19), a Autoridade Meteorol\u00f3gica da Tanz\u00e2nia avisou que o ciclone Ialy, no Oceano \u00cdndico, poderia trazer ventos fortes, tempestades e chuvas torrenciais esta semana.<\/p>\n\n\n\n<p>Na Som\u00e1lia, o Ocha&nbsp;estima que a esta\u00e7\u00e3o das chuvas tenha afetado 225.760 pessoas, das quais 38.730 tiveram de abandonar as suas casas.<\/p>\n\n\n\n<p>&#8220;As chuvas torrenciais e as inunda\u00e7\u00f5es provocaram a perda de meios de subsist\u00eancia, como gado e&nbsp;terras agr\u00edcolas, e a destrui\u00e7\u00e3o de pequenas empresas&#8221;, acrescentou o gabinete da ONU.<\/p>\n\n\n\n<p>Al\u00e9m disso, a Som\u00e1lia foi particularmente atingida&nbsp;pelos danos causados \u00e0s fontes e instala\u00e7\u00f5es de \u00e1gua, saneamento e higiene, o que est\u00e1 a agravar o atual surto de c\u00f3lera no pa\u00eds do Chifre&nbsp;de \u00c1frica: foram registados 10.640 casos, sendo 120 mortos, segundo a Organiza\u00e7\u00e3o Mundial de Sa\u00fade (OMS).<\/p>\n\n\n\n<p>Cerca de 57 mil&nbsp;pessoas fugiram de&nbsp;suas casas na Eti\u00f3pia, algumas das quais puderam regressar, mas as habita\u00e7\u00f5es, as infraestruturas p\u00fablicas e as terras agr\u00edcolas foram &#8220;significativamente danificadas, limitando ainda mais o acesso das pessoas aos servi\u00e7os, especialmente em \u00e1reas&nbsp;j\u00e1 afetadas por conflitos, secas prolongadas ou pelo surto de c\u00f3lera&#8221;, diz relat\u00f3rio.<\/p>\n\n\n\n<p>Mais de 560 mil pessoas foram afetadas em todo o pa\u00eds, embora a regi\u00e3o que faz fronteira com a Som\u00e1lia seja a mais atingida, com pelo menos 51 mil&nbsp;deslocados.<\/p>\n\n\n\n<p>Algumas das pessoas for\u00e7adas a abandonar as&nbsp;casas viveram situa\u00e7\u00f5es de superlota\u00e7\u00e3o,&nbsp;que aumentam o risco de propaga\u00e7\u00e3o de doen\u00e7as transmiss\u00edveis.<\/p>\n\n\n\n<p>Em Uganda, as chuvas atingiram&nbsp;mais de 52 mil&nbsp;pessoas entre janeiro e abril, com pelo menos 23 mortos e 241 feridos; em maio, pelo menos 49 pessoas morreram, 296 ficaram feridas e 28 est\u00e3o desaparecidas, al\u00e9m das&nbsp;3.080 fam\u00edlias que tiveram de abandonar as habita\u00e7\u00f5es.<\/p>\n\n\n\n<p>Por \u00faltimo, no Burundi, mais de 239.780 pessoas foram afetadas pelas chuvas torrenciais e 36.900 abandonaram as suas casas.<\/p>\n\n\n\n<p><strong><em>Fonte: Ag\u00eancia Brasil<\/em><\/strong><\/p>\n","protected":false},"excerpt":{"rendered":"<p>Pelo menos 473 pessoas morreram, 410.350 foram obrigadas a abandonar as casas e 1,6 milh\u00e3o\u00a0foram afetadas pelas chuvas e inunda\u00e7\u00f5es<\/p>\n","protected":false},"author":1,"featured_media":6276,"comment_status":"open","ping_status":"open","sticky":false,"template":"","format":"standard","meta":{"footnotes":""},"categories":[2],"tags":[],"class_list":["post-6275","post","type-post","status-publish","format-standard","has-post-thumbnail","hentry","category-noticias"],"_links":{"self":[{"href":"https:\/\/jornaloalvorada.com.br\/site\/wp-json\/wp\/v2\/posts\/6275","targetHints":{"allow":["GET"]}}],"collection":[{"href":"https:\/\/jornaloalvorada.com.br\/site\/wp-json\/wp\/v2\/posts"}],"about":[{"href":"https:\/\/jornaloalvorada.com.br\/site\/wp-json\/wp\/v2\/types\/post"}],"author":[{"embeddable":true,"href":"https:\/\/jornaloalvorada.com.br\/site\/wp-json\/wp\/v2\/users\/1"}],"replies":[{"embeddable":true,"href":"https:\/\/jornaloalvorada.com.br\/site\/wp-json\/wp\/v2\/comments?post=6275"}],"version-history":[{"count":1,"href":"https:\/\/jornaloalvorada.com.br\/site\/wp-json\/wp\/v2\/posts\/6275\/revisions"}],"predecessor-version":[{"id":6277,"href":"https:\/\/jornaloalvorada.com.br\/site\/wp-json\/wp\/v2\/posts\/6275\/revisions\/6277"}],"wp:featuredmedia":[{"embeddable":true,"href":"https:\/\/jornaloalvorada.com.br\/site\/wp-json\/wp\/v2\/media\/6276"}],"wp:attachment":[{"href":"https:\/\/jornaloalvorada.com.br\/site\/wp-json\/wp\/v2\/media?parent=6275"}],"wp:term":[{"taxonomy":"category","embeddable":true,"href":"https:\/\/jornaloalvorada.com.br\/site\/wp-json\/wp\/v2\/categories?post=6275"},{"taxonomy":"post_tag","embeddable":true,"href":"https:\/\/jornaloalvorada.com.br\/site\/wp-json\/wp\/v2\/tags?post=6275"}],"curies":[{"name":"wp","href":"https:\/\/api.w.org\/{rel}","templated":true}]}}