{"id":6272,"date":"2024-05-22T11:13:35","date_gmt":"2024-05-22T15:13:35","guid":{"rendered":"https:\/\/jornaloalvorada.com.br\/site\/?p=6272"},"modified":"2024-05-22T11:13:38","modified_gmt":"2024-05-22T15:13:38","slug":"dia-do-abraco-conheca-a-curiosa-historia-de-como-surgiu-a-data-comemorada-em-22-de-maio","status":"publish","type":"post","link":"https:\/\/jornaloalvorada.com.br\/site\/2024\/05\/22\/dia-do-abraco-conheca-a-curiosa-historia-de-como-surgiu-a-data-comemorada-em-22-de-maio\/","title":{"rendered":"Dia do Abra\u00e7o: conhe\u00e7a a curiosa hist\u00f3ria de como surgiu a data, comemorada em 22 de maio"},"content":{"rendered":"\n<p>Comemorada em todo dia 22 de maio no Brasil, o <a href=\"https:\/\/cbn.globo.com\/busca\/?q=Dia+do+Abra%C3%A7o\">Dia do Abra\u00e7o<\/a>, que pode remeter a algo bom, tem, na verdade, uma hist\u00f3ria um pouco triste. Sua origem tem rela\u00e7\u00e3o com um homem que vivia uma fase ruim na vida e queria distribuir abra\u00e7os gr\u00e1tis.<\/p>\n\n\n\n<p>Era maio de 2004 quando o australiano Juan Mann, que vivia em Londres, no Reino Unido, resolveu mudar a rotina que tinha. Em um per\u00edodo complicado da vida quando o noivado foi interrompido e os pais tinham acabado de se divorciar, ele resolveu, ao voltar para sua cidade natal, Sydney, criar uma campanha de abra\u00e7os gr\u00e1tis (&#8220;free hugs&#8221;, no original), para acabar com o individualismo do mundo.<\/p>\n\n\n\n<figure class=\"wp-block-image\"><img decoding=\"async\" src=\"https:\/\/s2-cbn.glbimg.com\/-DevtLd63pb5xRGYAX_5bn_enUE=\/0x0:960x720\/984x0\/smart\/filters:strip_icc()\/i.s3.glbimg.com\/v1\/AUTH_d975fad146a14bbfad9e763717b09688\/internal_photos\/bs\/2024\/L\/p\/W4mAYzSWWq9I2G3MYaZA\/efdafc7f-6041-4ec7-8c06-bae39b9b92ac.jpg\" alt=\"Dia do Abra\u00e7o \u00e9 comemorado em 22 de maio. \u2014 Foto: Reprodu\u00e7\u00e3o\"\/><figcaption class=\"wp-element-caption\">Dia do Abra\u00e7o \u00e9 comemorado em 22 de maio. \u2014 Foto: Reprodu\u00e7\u00e3o<\/figcaption><\/figure>\n\n\n\n<p>O australiano escreveu essas palavras em um papel\u00e3o e foi at\u00e9 um dos pontos mais movimentados da capital oferecendo abra\u00e7os. Algumas pessoas passaram a aceitar a oferta, mesmo sob olhares contrariados.<\/p>\n\n\n\n<p>Mann ganhou fama mundial ap\u00f3s sua hist\u00f3ria ter viralizado. Entretanto, autoridades locais baniram a a\u00e7\u00e3o de pedir abra\u00e7os gr\u00e1tis pela rua, com a justificativa de que tumultuaria a regi\u00e3o onde ele estivesse. Mesmo assim, chegou a ser convidado para gravar um videoclipe da banda Sick Puppies.<\/p>\n\n\n\n<p>Sem ganhar nenhum dinheiro e ainda triste, ele ficou recluso logo depois. Segundo uma reportagem do The Guardian, o homem teria ficado mal ap\u00f3s n\u00e3o ter recebido nada com o v\u00eddeo, que teve milh\u00f5es de visualiza\u00e7\u00f5es.<\/p>\n\n\n\n<p>De toda forma, pouco tempo depois a campanha de abra\u00e7os gr\u00e1tis se espalhou pelo mundo inteiro e virou uma tend\u00eancia at\u00e9 o fim dos anos 2010. A partir disso, em 2009, a data se tornou oficializada como Dia do Abra\u00e7o, mas comemorada em dias diferentes do m\u00eas pelo mundo.<\/p>\n\n\n\n<p><strong><em>Fonte: CBN<\/em><\/strong><\/p>\n","protected":false},"excerpt":{"rendered":"<p>Comemorada em todo dia 22 de maio no Brasil, o Dia do Abra\u00e7o, que pode remeter a algo bom, tem,<\/p>\n","protected":false},"author":1,"featured_media":6273,"comment_status":"open","ping_status":"open","sticky":false,"template":"","format":"standard","meta":{"footnotes":""},"categories":[3],"tags":[],"class_list":["post-6272","post","type-post","status-publish","format-standard","has-post-thumbnail","hentry","category-social"],"_links":{"self":[{"href":"https:\/\/jornaloalvorada.com.br\/site\/wp-json\/wp\/v2\/posts\/6272","targetHints":{"allow":["GET"]}}],"collection":[{"href":"https:\/\/jornaloalvorada.com.br\/site\/wp-json\/wp\/v2\/posts"}],"about":[{"href":"https:\/\/jornaloalvorada.com.br\/site\/wp-json\/wp\/v2\/types\/post"}],"author":[{"embeddable":true,"href":"https:\/\/jornaloalvorada.com.br\/site\/wp-json\/wp\/v2\/users\/1"}],"replies":[{"embeddable":true,"href":"https:\/\/jornaloalvorada.com.br\/site\/wp-json\/wp\/v2\/comments?post=6272"}],"version-history":[{"count":1,"href":"https:\/\/jornaloalvorada.com.br\/site\/wp-json\/wp\/v2\/posts\/6272\/revisions"}],"predecessor-version":[{"id":6274,"href":"https:\/\/jornaloalvorada.com.br\/site\/wp-json\/wp\/v2\/posts\/6272\/revisions\/6274"}],"wp:featuredmedia":[{"embeddable":true,"href":"https:\/\/jornaloalvorada.com.br\/site\/wp-json\/wp\/v2\/media\/6273"}],"wp:attachment":[{"href":"https:\/\/jornaloalvorada.com.br\/site\/wp-json\/wp\/v2\/media?parent=6272"}],"wp:term":[{"taxonomy":"category","embeddable":true,"href":"https:\/\/jornaloalvorada.com.br\/site\/wp-json\/wp\/v2\/categories?post=6272"},{"taxonomy":"post_tag","embeddable":true,"href":"https:\/\/jornaloalvorada.com.br\/site\/wp-json\/wp\/v2\/tags?post=6272"}],"curies":[{"name":"wp","href":"https:\/\/api.w.org\/{rel}","templated":true}]}}