{"id":6250,"date":"2024-05-21T09:15:45","date_gmt":"2024-05-21T13:15:45","guid":{"rendered":"https:\/\/jornaloalvorada.com.br\/site\/?p=6250"},"modified":"2024-05-21T09:15:47","modified_gmt":"2024-05-21T13:15:47","slug":"prefeitura-e-sebrae-trazem-palestra-salva-vendas-para-impulsionar-seu-negocio-na-semana-do-mei","status":"publish","type":"post","link":"https:\/\/jornaloalvorada.com.br\/site\/2024\/05\/21\/prefeitura-e-sebrae-trazem-palestra-salva-vendas-para-impulsionar-seu-negocio-na-semana-do-mei\/","title":{"rendered":"Prefeitura e Sebrae trazem palestra \u201cSalva Vendas\u201d para impulsionar seu neg\u00f3cio na Semana do MEI!"},"content":{"rendered":"\n<p>Em comemora\u00e7\u00e3o \u00e0 Semana do MEI, a Prefeitura Municipal e o Sebrae se unem para oferecer a voc\u00ea, empreendedor, a palestra \u201cSalva Vendas &#8211; Quero Vender Mais e Agora?\u201d<\/p>\n\n\n\n<p>Anote na agenda:<\/p>\n\n\n\n<p>Data: 21 de maio de 2024<\/p>\n\n\n\n<p>Hor\u00e1rio: 19h<\/p>\n\n\n\n<p>Local: Centro de Conviv\u00eancia do Idoso \u2011 CCI<\/p>\n\n\n\n<p>A palestra \u00e9 aberta a toda a popula\u00e7\u00e3o e ser\u00e1 uma \u00f3tima oportunidade para:<\/p>\n\n\n\n<p><img loading=\"lazy\" decoding=\"async\" alt=\"\u2705\" src=\"https:\/\/static.xx.fbcdn.net\/images\/emoji.php\/v9\/t33\/1\/16\/2705.png\" width=\"16\" height=\"16\"> Descobrir estrat\u00e9gias para aumentar suas vendas<\/p>\n\n\n\n<p><img loading=\"lazy\" decoding=\"async\" alt=\"\u2705\" src=\"https:\/\/static.xx.fbcdn.net\/images\/emoji.php\/v9\/t33\/1\/16\/2705.png\" width=\"16\" height=\"16\"> Aprender t\u00e9cnicas para fidelizar seus clientes<\/p>\n\n\n\n<p><img loading=\"lazy\" decoding=\"async\" alt=\"\u2705\" src=\"https:\/\/static.xx.fbcdn.net\/images\/emoji.php\/v9\/t33\/1\/16\/2705.png\" width=\"16\" height=\"16\"> Obter dicas para se destacar no mercado<\/p>\n\n\n\n<p><img loading=\"lazy\" decoding=\"async\" alt=\"\u2705\" src=\"https:\/\/static.xx.fbcdn.net\/images\/emoji.php\/v9\/t33\/1\/16\/2705.png\" width=\"16\" height=\"16\"> Tirar suas d\u00favidas sobre vendas e marketing<\/p>\n\n\n\n<p><img loading=\"lazy\" decoding=\"async\" alt=\"\u2705\" src=\"https:\/\/static.xx.fbcdn.net\/images\/emoji.php\/v9\/t33\/1\/16\/2705.png\" width=\"16\" height=\"16\"> N\u00e3o perca essa chance de impulsionar seu neg\u00f3cio e alcan\u00e7ar novos patamares de sucesso!<\/p>\n","protected":false},"excerpt":{"rendered":"<p>Em comemora\u00e7\u00e3o \u00e0 Semana do MEI, a Prefeitura Municipal e o Sebrae se unem para oferecer a voc\u00ea, empreendedor, a<\/p>\n","protected":false},"author":1,"featured_media":6251,"comment_status":"open","ping_status":"open","sticky":false,"template":"","format":"standard","meta":{"footnotes":""},"categories":[2],"tags":[],"class_list":["post-6250","post","type-post","status-publish","format-standard","has-post-thumbnail","hentry","category-noticias"],"_links":{"self":[{"href":"https:\/\/jornaloalvorada.com.br\/site\/wp-json\/wp\/v2\/posts\/6250","targetHints":{"allow":["GET"]}}],"collection":[{"href":"https:\/\/jornaloalvorada.com.br\/site\/wp-json\/wp\/v2\/posts"}],"about":[{"href":"https:\/\/jornaloalvorada.com.br\/site\/wp-json\/wp\/v2\/types\/post"}],"author":[{"embeddable":true,"href":"https:\/\/jornaloalvorada.com.br\/site\/wp-json\/wp\/v2\/users\/1"}],"replies":[{"embeddable":true,"href":"https:\/\/jornaloalvorada.com.br\/site\/wp-json\/wp\/v2\/comments?post=6250"}],"version-history":[{"count":1,"href":"https:\/\/jornaloalvorada.com.br\/site\/wp-json\/wp\/v2\/posts\/6250\/revisions"}],"predecessor-version":[{"id":6252,"href":"https:\/\/jornaloalvorada.com.br\/site\/wp-json\/wp\/v2\/posts\/6250\/revisions\/6252"}],"wp:featuredmedia":[{"embeddable":true,"href":"https:\/\/jornaloalvorada.com.br\/site\/wp-json\/wp\/v2\/media\/6251"}],"wp:attachment":[{"href":"https:\/\/jornaloalvorada.com.br\/site\/wp-json\/wp\/v2\/media?parent=6250"}],"wp:term":[{"taxonomy":"category","embeddable":true,"href":"https:\/\/jornaloalvorada.com.br\/site\/wp-json\/wp\/v2\/categories?post=6250"},{"taxonomy":"post_tag","embeddable":true,"href":"https:\/\/jornaloalvorada.com.br\/site\/wp-json\/wp\/v2\/tags?post=6250"}],"curies":[{"name":"wp","href":"https:\/\/api.w.org\/{rel}","templated":true}]}}