{"id":6247,"date":"2024-05-21T08:55:37","date_gmt":"2024-05-21T12:55:37","guid":{"rendered":"https:\/\/jornaloalvorada.com.br\/site\/?p=6247"},"modified":"2024-05-21T08:55:40","modified_gmt":"2024-05-21T12:55:40","slug":"bolsonaro-critica-paulo-pimenta-e-resgata-video-em-que-o-ministro-de-lula-elogia-ditadores-veja-video","status":"publish","type":"post","link":"https:\/\/jornaloalvorada.com.br\/site\/2024\/05\/21\/bolsonaro-critica-paulo-pimenta-e-resgata-video-em-que-o-ministro-de-lula-elogia-ditadores-veja-video\/","title":{"rendered":"Bolsonaro critica Paulo Pimenta e resgata v\u00eddeo em que o ministro de Lula elogia ditadores; VEJA V\u00cdDEO"},"content":{"rendered":"\n<p>O ex-presidente Jair Bolsonaro (PL) compartilhou um v\u00eddeo datado de julho de 2016 em suas redes sociais. Na ocasi\u00e3o, o ent\u00e3o deputado federal pelo PT do Rio Grande do Sul, Paulo Pimenta, viajou at\u00e9 a Venezuela para denunciar o que ele chamou de \u201cgolpe\u201d contra Dilma Rousseff.<\/p>\n\n\n\n<p>Durante seu breve discurso, Pimenta homenageou ditadores como Nicol\u00e1s Maduro, Hugo Ch\u00e1vez, Daniel Ortega e Evo Morales.<\/p>\n\n\n\n<figure class=\"wp-block-embed is-type-rich is-provider-twitter wp-block-embed-twitter\"><div class=\"wp-block-embed__wrapper\">\n<blockquote class=\"twitter-tweet\" data-width=\"550\" data-dnt=\"true\"><p lang=\"pt\" dir=\"ltr\">&#8211; Paulo Pimenta, na Venezuela, homenageia Maduro, Ortega, Chaves, Evo Morales&#8230;<br><br>&#8211; Esse \u00e9 o escolhido por Lula como &quot;interventor&quot; no Rio Grande do Sul. <a href=\"https:\/\/t.co\/ueV8D4ALZ4\">pic.twitter.com\/ueV8D4ALZ4<\/a><\/p>&mdash; Jair M. Bolsonaro (@jairbolsonaro) <a href=\"https:\/\/twitter.com\/jairbolsonaro\/status\/1792520923779936550?ref_src=twsrc%5Etfw\">May 20, 2024<\/a><\/blockquote><script async src=\"https:\/\/platform.twitter.com\/widgets.js\" charset=\"utf-8\"><\/script>\n<\/div><\/figure>\n\n\n\n<p>O atual ministro da Secretaria Extraordin\u00e1ria para Apoio \u00e0 Reconstru\u00e7\u00e3o do Rio Grande do Sul levou sauda\u00e7\u00f5es em nome de Luiz In\u00e1cio Lula da Silva e \u201cda presidenta leg\u00edtima do Brasil, Dilma Rousseff\u201d. Al\u00e9m disso, ele elogiou o apoio de Maduro contra o impeachment da petista.<\/p>\n\n\n\n<p>Paulo Pimenta destacou a import\u00e2ncia do apoio internacional na den\u00fancia do que ele considerava um golpe no Brasil. Ele comparou a situa\u00e7\u00e3o brasileira com a \u201cguerra econ\u00f4mica\u201d enfrentada pela Venezuela. O deputado concluiu seu discurso expressando profundo orgulho por estar presente naquele momento.<\/p>\n\n\n\n<p><strong><em>Fonte: Terra Brasil Not\u00edcias<\/em><\/strong><\/p>\n","protected":false},"excerpt":{"rendered":"<p>O ex-presidente Jair Bolsonaro (PL) compartilhou um v\u00eddeo datado de julho de 2016 em suas redes sociais. Na ocasi\u00e3o, o<\/p>\n","protected":false},"author":1,"featured_media":6248,"comment_status":"open","ping_status":"open","sticky":false,"template":"","format":"standard","meta":{"footnotes":""},"categories":[2],"tags":[],"class_list":["post-6247","post","type-post","status-publish","format-standard","has-post-thumbnail","hentry","category-noticias"],"_links":{"self":[{"href":"https:\/\/jornaloalvorada.com.br\/site\/wp-json\/wp\/v2\/posts\/6247","targetHints":{"allow":["GET"]}}],"collection":[{"href":"https:\/\/jornaloalvorada.com.br\/site\/wp-json\/wp\/v2\/posts"}],"about":[{"href":"https:\/\/jornaloalvorada.com.br\/site\/wp-json\/wp\/v2\/types\/post"}],"author":[{"embeddable":true,"href":"https:\/\/jornaloalvorada.com.br\/site\/wp-json\/wp\/v2\/users\/1"}],"replies":[{"embeddable":true,"href":"https:\/\/jornaloalvorada.com.br\/site\/wp-json\/wp\/v2\/comments?post=6247"}],"version-history":[{"count":1,"href":"https:\/\/jornaloalvorada.com.br\/site\/wp-json\/wp\/v2\/posts\/6247\/revisions"}],"predecessor-version":[{"id":6249,"href":"https:\/\/jornaloalvorada.com.br\/site\/wp-json\/wp\/v2\/posts\/6247\/revisions\/6249"}],"wp:featuredmedia":[{"embeddable":true,"href":"https:\/\/jornaloalvorada.com.br\/site\/wp-json\/wp\/v2\/media\/6248"}],"wp:attachment":[{"href":"https:\/\/jornaloalvorada.com.br\/site\/wp-json\/wp\/v2\/media?parent=6247"}],"wp:term":[{"taxonomy":"category","embeddable":true,"href":"https:\/\/jornaloalvorada.com.br\/site\/wp-json\/wp\/v2\/categories?post=6247"},{"taxonomy":"post_tag","embeddable":true,"href":"https:\/\/jornaloalvorada.com.br\/site\/wp-json\/wp\/v2\/tags?post=6247"}],"curies":[{"name":"wp","href":"https:\/\/api.w.org\/{rel}","templated":true}]}}