{"id":6244,"date":"2024-05-21T08:50:33","date_gmt":"2024-05-21T12:50:33","guid":{"rendered":"https:\/\/jornaloalvorada.com.br\/site\/?p=6244"},"modified":"2024-05-21T08:50:36","modified_gmt":"2024-05-21T12:50:36","slug":"prestacao-de-contas-da-cassems-deputados-debatem-sobre-fiscalizacao-e-transparencia","status":"publish","type":"post","link":"https:\/\/jornaloalvorada.com.br\/site\/2024\/05\/21\/prestacao-de-contas-da-cassems-deputados-debatem-sobre-fiscalizacao-e-transparencia\/","title":{"rendered":"Presta\u00e7\u00e3o de contas da Cassems: deputados debatem sobre fiscaliza\u00e7\u00e3o e transpar\u00eancia"},"content":{"rendered":"\n<p>O deputado Jo\u00e3o Henrique (PL) utilizou a tribuna nesta manh\u00e3 (16) para falar sobre a fiscaliza\u00e7\u00e3o das contas da Caixa de Assist\u00eancia dos Servidores de Mato Grosso do Sul (Cassems). \u201cOntem me debrucei sobre os requerimentos enviados \u00e0 entidade, e&nbsp;n\u00e3o respondidos, mas que deveriam ser, e fiz um&nbsp;estudo para trazer a verdade aos servidores estaduais. Considero que todas as den\u00fancias sobre a Cassems precisam&nbsp;ser apuradas, e deveriam ser objeto de uma&nbsp;Comiss\u00e3o Parlamentar de Inqu\u00e9rito <em>[CPI],<\/em> que&nbsp;encontre&nbsp;as solu\u00e7\u00f5es vi\u00e1veis aos servidores benefici\u00e1rios da entidade. Quero conferir o pre\u00e7o, a qualidade que essa sa\u00fade \u00e9 entregue, os atendimentos. Ontem eu estudava os artigos 47 e 48 das disposi\u00e7\u00f5es regimentais desta Casa\u201d, informou.<\/p>\n\n\n\n<p>O presidente da Assembleia Legislativa de Mato Grosso do Sul (ALEMS), Gerson Claro (PP), falou sobre a&nbsp;<a href=\"https:\/\/al.ms.gov.br\/Noticias\/139748\/deputados-recebem-prestacao-de-contas-de-subvencao-a-cassems\" target=\"_blank\" rel=\"noreferrer noopener\"><ins>reuni\u00e3o para presta\u00e7\u00e3o de contas do aporte conferido pelo Governo do Estado na ter\u00e7a-feira<\/ins><\/a>. \u201cO&nbsp;presidente da Cassems trouxe a presta\u00e7\u00e3o de contas dos R$ 60 milh\u00f5es conferidos pelo Estado. E nessa em todas as as a\u00e7\u00f5es democr\u00e1ticas aqui da Casa, esta presid\u00eancia tem recebido requerimentos entendidos como ilegais, e por obriga\u00e7\u00e3o entende que deveriam ser arquivados. Em 2013, decis\u00e3o judicial informou que a Cassems tem um \u00f3rg\u00e3o deliberativo respons\u00e1vel pela fiscaliza\u00e7\u00e3o de suas contas, que \u00e9 o Conselho Fiscal\u201d, ressaltou.<\/p>\n\n\n\n<p>O deputado estadual Junior Mochi (MDB) complementou a ideia do presidente da Casa de Leis. \u201cJ\u00e1 falei desse assunto em outra oportunidade, e n\u00e3o fa\u00e7o parte da comiss\u00e3o de representa\u00e7\u00e3o, que teve o objetivo de debater os problemas trazidos aqui, com relat\u00f3rio feito e assunto abordado esgotado. Outros requerimentos abordados com posicionamentos diversos, cabe a esta Casa de Leis t\u00e3o somente fiscalizar o dinheiro p\u00fablico. A Cassems \u00e9 uma institui\u00e7\u00e3o que tem um conselho fiscal, com essa finalidade, uma entidade privada do servidor p\u00fablico e o Estado apenas participa com recurso que foi colocado para a Cassems por uma situa\u00e7\u00e3o emergencial\u201d, declarou.<\/p>\n\n\n\n<p>O deputado Londres Machado (PP) falou sobre a comiss\u00e3o tempor\u00e1ria. \u201cEsse deputado aqui presidia aquela comiss\u00e3o para entrar em contado com o Governo para passar os 60 milh\u00f5es, no dia 14 de setembro, encerramos a atividade desta comiss\u00e3o. E na ocasi\u00e3o, Vossa Excel\u00eancia designou para que receb\u00eassemos a presta\u00e7\u00e3o de contas ao final, e encaminho para cada integrante da comiss\u00e3o. A Cassems deve encaminhar sua presta\u00e7\u00e3o de contas para aprecia\u00e7\u00e3o da Assembleia Legislativa e do Tribunal de Contas do Estado, \u00e9 o que est\u00e1 na lei\u201d, informou.<\/p>\n\n\n\n<p>O deputado estadual Pedro Kemp (PT) declarou que a apresenta\u00e7\u00e3o do uso do recurso estadual de R$ 60 milh\u00f5es j\u00e1 foi apresentada. \u201cSer\u00e1 analisada pela Casa de Leis. Devemos esclarecer esse assunto e parar com o debate. O TCE\/MS teria acionado a entidade se fosse necess\u00e1ria, \u00e9 uma entidade privada. S\u00f3 posso dizer que esse plano de sa\u00fade faz a diferen\u00e7a na Sa\u00fade em nosso Estado, s\u00e3o 76 unidades de atendimento em todo o Estado, dez hospitais, mais de tr\u00eas mil m\u00e9dicos credenciados, entre outros, para o funcionamento disso \u00e9 necess\u00e1rio dinheiro\u201d, considerou.<\/p>\n\n\n\n<p><em>(Fonte: Ag\u00eancia ALEMS \u2013 Foto: Wagner Guimar\u00e3es)<\/em><\/p>\n","protected":false},"excerpt":{"rendered":"<p>O deputado Jo\u00e3o Henrique (PL) utilizou a tribuna nesta manh\u00e3 (16) para falar sobre a fiscaliza\u00e7\u00e3o das contas da Caixa<\/p>\n","protected":false},"author":1,"featured_media":6245,"comment_status":"open","ping_status":"open","sticky":false,"template":"","format":"standard","meta":{"footnotes":""},"categories":[2],"tags":[],"class_list":["post-6244","post","type-post","status-publish","format-standard","has-post-thumbnail","hentry","category-noticias"],"_links":{"self":[{"href":"https:\/\/jornaloalvorada.com.br\/site\/wp-json\/wp\/v2\/posts\/6244","targetHints":{"allow":["GET"]}}],"collection":[{"href":"https:\/\/jornaloalvorada.com.br\/site\/wp-json\/wp\/v2\/posts"}],"about":[{"href":"https:\/\/jornaloalvorada.com.br\/site\/wp-json\/wp\/v2\/types\/post"}],"author":[{"embeddable":true,"href":"https:\/\/jornaloalvorada.com.br\/site\/wp-json\/wp\/v2\/users\/1"}],"replies":[{"embeddable":true,"href":"https:\/\/jornaloalvorada.com.br\/site\/wp-json\/wp\/v2\/comments?post=6244"}],"version-history":[{"count":1,"href":"https:\/\/jornaloalvorada.com.br\/site\/wp-json\/wp\/v2\/posts\/6244\/revisions"}],"predecessor-version":[{"id":6246,"href":"https:\/\/jornaloalvorada.com.br\/site\/wp-json\/wp\/v2\/posts\/6244\/revisions\/6246"}],"wp:featuredmedia":[{"embeddable":true,"href":"https:\/\/jornaloalvorada.com.br\/site\/wp-json\/wp\/v2\/media\/6245"}],"wp:attachment":[{"href":"https:\/\/jornaloalvorada.com.br\/site\/wp-json\/wp\/v2\/media?parent=6244"}],"wp:term":[{"taxonomy":"category","embeddable":true,"href":"https:\/\/jornaloalvorada.com.br\/site\/wp-json\/wp\/v2\/categories?post=6244"},{"taxonomy":"post_tag","embeddable":true,"href":"https:\/\/jornaloalvorada.com.br\/site\/wp-json\/wp\/v2\/tags?post=6244"}],"curies":[{"name":"wp","href":"https:\/\/api.w.org\/{rel}","templated":true}]}}