{"id":6231,"date":"2024-05-20T10:48:44","date_gmt":"2024-05-20T14:48:44","guid":{"rendered":"https:\/\/jornaloalvorada.com.br\/site\/?p=6231"},"modified":"2024-05-20T10:48:47","modified_gmt":"2024-05-20T14:48:47","slug":"lula-tem-deficit-quase-igual-ao-da-covid-mesmo-sem-pandemia","status":"publish","type":"post","link":"https:\/\/jornaloalvorada.com.br\/site\/2024\/05\/20\/lula-tem-deficit-quase-igual-ao-da-covid-mesmo-sem-pandemia\/","title":{"rendered":"Lula tem deficit quase igual ao da covid, mesmo sem pandemia"},"content":{"rendered":"\n<p>O governo <a href=\"https:\/\/monitor.poder360.com.br\/politicos-do-brasil\/929674?ano=0&amp;l=n\" target=\"_blank\" rel=\"noreferrer noopener\">Luiz In\u00e1cio Lula da Silva<\/a> (PT) tem deficit nominal quase igual ao registrado na situa\u00e7\u00e3o mais cr\u00edtica da pandemia de covid-19. O impacto econ\u00f4mico provocado pelas enchentes no Rio Grande do Sul deve piorar a trajet\u00f3ria dos gastos p\u00fablicos. Os programas sociais e a suspens\u00e3o no pagamento da d\u00edvida do Estado v\u00e3o aumentar a d\u00edvida bruta do governo, que em mar\u00e7o foi de 75,7% do PIB (Produto Interno Bruto).<\/p>\n\n\n\n<p>O resultado nominal considera o saldo das receitas e despesas da Uni\u00e3o e inclui o pagamento dos juros da d\u00edvida bruta. O Congresso <a href=\"https:\/\/www.poder360.com.br\/congresso\/senado-aprova-liberacao-de-verba-para-o-rs-fora-da-meta-fiscal\/\">aprovou<\/a> uma medida apresentada pelo governo para excluir os gastos com o Rio Grande do Sul do c\u00e1lculo das principais regras fiscais, por exemplo do marco fiscal sancionado em agosto de 2023. Portanto, as despesas com o RS n\u00e3o ser\u00e3o contabilizadas na meta de resultado prim\u00e1rio, que exclui o pagamento dos juros da d\u00edvida.<\/p>\n\n\n\n<p>O Brasil gastou <strong>R$ 745,7<\/strong> bilh\u00f5es com os juros da d\u00edvida no acumulado de 12 meses at\u00e9 mar\u00e7o. Os dados de deficit s\u00e3o do setor p\u00fablico consolidado \u2013formado por Uni\u00e3o, Estados, munic\u00edpios e estatais.<\/p>\n\n\n\n<p>A expans\u00e3o de gastos fora das regras fiscais vai aumentar a d\u00edvida p\u00fablica. No Boletim Focus, do <a href=\"http:\/\/bcb.gov.br\/\">Banco Central<\/a>, os analistas do mercado financeiro <a href=\"https:\/\/www.poder360.com.br\/economia\/divida-do-brasil-sobe-para-757-do-pib-maior-desde-abril-de-2022\/\">aumentaram<\/a> a proje\u00e7\u00e3o de 79,75% (estimativa da semana anterior) para 80% do PIB. Com a sinaliza\u00e7\u00e3o do Copom (Comit\u00ea de Pol\u00edtica Monet\u00e1ria) em cortar a Selic em 0,25 ponto percentual, ser\u00e1 mais caro custear os juros da d\u00edvida.<\/p>\n\n\n\n<figure class=\"wp-block-image\"><img decoding=\"async\" src=\"https:\/\/static.poder360.com.br\/2024\/05\/divida-bruta-6-mai-2024-03.png\" alt=\"\"\/><\/figure>\n\n\n\n<p>A mediana das estimativas tamb\u00e9m piorou para os anos seguintes:<\/p>\n\n\n\n<ul class=\"wp-block-list\">\n<li>2025: de 76% para 76,15% do PIB;<\/li>\n\n\n\n<li>2026: de 77,5% para 78% do PIB;<\/li>\n\n\n\n<li>2027: de 75% para 76% do PIB.<\/li>\n<\/ul>\n\n\n\n<p>Dados do Banco Central mostram que o deficit nominal do Brasil foi de <strong>R$ 998,6 bilh\u00f5es<\/strong> no acumulado de 12 meses at\u00e9 mar\u00e7o. O patamar de resultado nominal mais baixo (infogr\u00e1fico abaixo) foi em janeiro de 2021, quando atingiu R$ 1,016 trilh\u00e3o.<\/p>\n\n\n\n<figure class=\"wp-block-image\"><img decoding=\"async\" src=\"https:\/\/static.poder360.com.br\/2024\/05\/deficit-nominal-brasil-14-mai-2024-01.png\" alt=\"\"\/><\/figure>\n\n\n\n<h2 class=\"wp-block-heading\">JUROS DA D\u00cdVIDA<\/h2>\n\n\n\n<p>A despesa com o pagamento de juros da d\u00edvida explica, em parte, o motivo do rombo nominal elevado no pa\u00eds. A taxa b\u00e1sica, a Selic, est\u00e1 acima de 2 d\u00edgitos desde fevereiro de 2022, o que contribuiu para encarecer o estoque da d\u00edvida e aumentar o deficit nominal do governo.<\/p>\n\n\n\n<p>Mas n\u00e3o foi s\u00f3 o pagamento dos juros da d\u00edvida que piorou a situa\u00e7\u00e3o fiscal do pa\u00eds. A expans\u00e3o de gastos no governo Lula aumentou o deficit prim\u00e1rio, que \u00e9 o c\u00e1lculo que exclui o pagamento do servi\u00e7o da d\u00edvida. Dados do Banco Central mostram que o setor p\u00fablico consolidado passou a ter um saldo negativo em maio de 2023 no acumulado de 12 meses. O rombo aumentou gradualmente, em mar\u00e7o de 2024, atingiu R$ 252,9 bilh\u00f5es.<\/p>\n\n\n\n<h2 class=\"wp-block-heading\">RIO GRANDE DO SUL<\/h2>\n\n\n\n<p>O governo anunciou a suspens\u00e3o do pagamento da d\u00edvida do Rio Grande do Sul e de munic\u00edpios do Estado por 3 anos. Isso resultar\u00e1 em impacto de <strong>R$ 23 bilh\u00f5es<\/strong> no per\u00edodo.<\/p>\n\n\n\n<p>O ministro <a href=\"https:\/\/monitor.poder360.com.br\/politicos-do-brasil\/465123\/FERNANDO-HADDAD?ano=2022&amp;l=n\">Fernando Haddad<\/a> (Fazenda) disse que, desse valor, R$ 11 bilh\u00f5es s\u00e3o por causa do adiamento e R$ 12 bilh\u00f5es, do n\u00e3o pagamento de juros.<\/p>\n\n\n\n<p>Al\u00e9m disso, o governo <a href=\"https:\/\/www.poder360.com.br\/anuncios-do-governo\/governo-anuncia-r-12-bi-para-acoes-de-orgaos-federais-no-rs\/\">liberou<\/a> <strong>R$ 12 bilh\u00f5es<\/strong> em cr\u00e9ditos extraordin\u00e1rios na MP (Medida Provis\u00f3ria) <a href=\"https:\/\/www.congressonacional.leg.br\/materias\/medidas-provisorias\/-\/mpv\/163506\" target=\"_blank\" rel=\"noreferrer noopener\">1.218 de 2024<\/a>. No total, <strong>R$ 35 bilh\u00f5es<\/strong> foram anunciados fora das regras fiscais.<\/p>\n\n\n\n<p>O governo tamb\u00e9m estuda programas para beneficiar diretamente a popula\u00e7\u00e3o do Estado. Ainda n\u00e3o h\u00e1 estimativas sobre o custeio. Portanto, n\u00e3o h\u00e1 defini\u00e7\u00e3o de qual ser\u00e1 o custo total para mitigar os efeitos das chuvas no Rio Grande do Sul.<\/p>\n\n\n\n<p>As enchentes no Rio Grande do Sul ter\u00e3o impacto negativo sobre o crescimento econ\u00f4mico do Estado e, consequentemente, do pa\u00eds. Isso tamb\u00e9m resutar\u00e1 em rela\u00e7\u00e3o d\u00edvida-PIB pior do que a esperada anteriormente. O <strong>Poder360<\/strong> <a href=\"https:\/\/www.poder360.com.br\/economia\/chuva-no-rs-desacelera-a-economia-e-pressiona-inflacao-de-alimentos\/\">mostrou<\/a> que as chuvas podem reduzir o ritmo de crescimento do PIB em at\u00e9 0,4 ponto percentual neste ano.<\/p>\n\n\n\n<p>O <a href=\"https:\/\/www.abcbrasil.com.br\/\">Banco ABC Brasil<\/a> disse que os gastos projetados de 0,2% do PIB parecem ser <em>\u201csubestimados\u201d<\/em>. Disse que o furac\u00e3o Katrina custou cerca de 1% do PIB dos EUA \u00e0 \u00e9poca. \u201c<em>\u00c9 mais um fator de risco a tensionar as preocupa\u00e7\u00f5es com o quadro fiscal no Brasil \u2013 principalmente em termos de din\u00e2mica da d\u00edvida e credibilidade do arcabou\u00e7o fiscal<\/em>\u201d, disse relat\u00f3rio do banco.<\/p>\n\n\n\n<p>A ag\u00eancia de risco <a href=\"http:\/\/moodys.com\/\">Moody\u2019s<\/a> disse que o aumento de gastos torna as metas fiscais do pa\u00eds mais desafiadoras. Aumentou de 0,5% para 0,75% do PIB (Produto Interno Bruto) a proje\u00e7\u00e3o de deficit prim\u00e1rio da Uni\u00e3o. O rombo nominal ser\u00e1 de 6,7% do PIB, segundo o documento, acima do 6,2% projetados anteriormente.<\/p>\n\n\n\n<p>A Moody\u2019s <a href=\"https:\/\/www.poder360.com.br\/economia\/moodys-muda-previsao-de-nota-de-credito-do-brasil-para-positiva\/\">havia anunciado<\/a> em 1\u00ba de maio deste ano a mudan\u00e7a de \u201c<em>est\u00e1vel<\/em>\u201d para \u201c<em>positiva<\/em>\u201d a perspectiva da nota Ba2 do Brasil.<\/p>\n\n\n\n<p>A ag\u00eancia escreveu: <em>\u201cAs despesas de emerg\u00eancia testar\u00e3o a capacidade do governo central para fazer face \u00e0s necessidades de despesas adicionais, ao mesmo tempo que tenta alcan\u00e7ar a consolida\u00e7\u00e3o fiscal\u201d<\/em>. Afirmou, por\u00e9m, que o pacote fiscal \u00e9 significativamente menor que o adotado na pandemia, de 8% do PIB de gastos, com deficit de quase 12% do PIB.<\/p>\n\n\n\n<p><em>\u201cO efeito das inunda\u00e7\u00f5es nos gastos emergenciais relacionados \u00e0s contas fiscais e \u00e0 trajet\u00f3ria da d\u00edvida do Brasil ainda s\u00e3o administr\u00e1veis\u201d<\/em>, disse o relat\u00f3rio.<\/p>\n\n\n\n<p>A Moody\u2019s estima um resultado fiscal melhor em 2024 que em 2023, mas avalia que o governo ter\u00e1 de \u201c<em>abordar outras medidas para alcan\u00e7ar as metas fiscais nos anos seguintes\u201d<\/em>. \u201c<em>As enchentes sem precedentes no Rio Grande do Sul ressaltam a import\u00e2ncia de prosseguir na consolida\u00e7\u00e3o fiscal e redu\u00e7\u00e3o da rigidez dos gastos para manter reservas fiscais<\/em>\u201d, escreveu.<\/p>\n\n\n\n<p>O economista <a href=\"https:\/\/www.linkedin.com\/in\/gabriel-leal-de-barros-63290023\/\" target=\"_blank\" rel=\"noreferrer noopener\">Gabriel Leal de Barros<\/a> disse ao <strong>Poder360<\/strong> que \u00e9 \u201c<em>question\u00e1vel<\/em>\u201d o governo ter retirado os gastos com o Rio Grande do Sul do c\u00e1lculo das metas de resultado prim\u00e1rio. Segundo ele, o aporte de recursos da Uni\u00e3o n\u00e3o tem questionamentos sobre o m\u00e9rito, mas a forma que est\u00e1 sendo feita.<\/p>\n\n\n\n<h2 class=\"wp-block-heading\"><strong>CR\u00cdTICAS E RESPOSTA<\/strong><\/h2>\n\n\n\n<p>Os ex-presidentes do Banco Central P\u00e9rsio Arida (1995) e Pedro Malan (1993-1995) <a href=\"https:\/\/www.poder360.com.br\/economia\/ex-bcs-elogiam-atas-do-copom-mas-criticam-politica-fiscal-de-lula\/\">criticaram<\/a> a pol\u00edtica fiscal do governo <a href=\"https:\/\/monitor.poder360.com.br\/politicos-do-brasil\/929674?ano=0&amp;l=n\">Luiz In\u00e1cio Lula da Silva<\/a> (PT). P\u00e9rsio defendeu que o trip\u00e9 macroecon\u00f4mico est\u00e1 \u201c<em>manco<\/em>\u201d por causa da gest\u00e3o de gastos do governo.<\/p>\n\n\n\n<p>Em resposta, Haddad declarou que o pa\u00eds convive com 10 anos de deficit no Brasil. Disse que houve rombo de R$ 2 trilh\u00f5es em uma d\u00e9cada. <em>\u201cIsso n\u00e3o favorece um crescimento maior da economia brasileira. O que est\u00e1 garantindo o crescimento econ\u00f4mico \u00e9 justamente n\u00f3s fazermos o que n\u00f3s estamos fazendo, recompondo a base fiscal do Estado brasileiro que foi erodida ao longo desses anos\u201d<\/em>, disse o ministro.<\/p>\n\n\n\n<p>Haddad falou que o governo tamb\u00e9m ataca as ren\u00fancias fiscais e as distor\u00e7\u00f5es do sistema tribut\u00e1rio. \u201c<em>N\u00f3s herdamos uma situa\u00e7\u00e3o dif\u00edcil\u201d<\/em>, declarou. <em>\u201cO projeto de lei or\u00e7ament\u00e1ria do governo anterior j\u00e1 previa um deficit da ordem de R$ 138 bilh\u00f5es, <\/em>[com] <em>R$ 63 bilh\u00f5es expl\u00edcitos e mais um tanto impl\u00edcito, pelo fato de n\u00e3o ter considerado despesas que estavam contratadas\u201d<\/em>, completou.<\/p>\n\n\n\n<p>Tamb\u00e9m em resposta \u00e0s cr\u00edticas dos ex-presidentes do Banco Central, Haddad disse que a carga tribut\u00e1ria aumentou de 26% para 32% do PIB no per\u00edodo do Plano Real. Afirmou que houve um \u201c<em>esfor\u00e7o terr\u00edvel<\/em>\u201d da sociedade para conseguir estabilizar a moeda.<\/p>\n\n\n\n<p>Indagado se o governo conseguir\u00e1 cumprir a meta de zerar o deficit prim\u00e1rio em 2024, Haddad respondeu que vai \u201c<em>perseguir<\/em>\u201d esse objetivo. Disse que a \u201c<em>disciplina vai continuar<\/em>\u201d e que vai interagir com o Judici\u00e1rio e Legislativo em torno do \u201c<em>pacto pelas contas p\u00fablicas<\/em>\u201d.<\/p>\n\n\n\n<p><em>\u201cN\u00f3s j\u00e1 somos a 9\u00aa economia<\/em> [global].<em> Estamos atraindo mais uma vez investimentos. Sem desconsiderar as dificuldades do momento e os desafios que est\u00e3o colocados, eu sou uma pessoa otimista em rela\u00e7\u00e3o ao Brasil<\/em>\u201d, declarou Haddad.<\/p>\n\n\n\n<p><strong><em>Fonte: Ag\u00eancia Brasil<\/em><\/strong><\/p>\n","protected":false},"excerpt":{"rendered":"<p>O governo Luiz In\u00e1cio Lula da Silva (PT) tem deficit nominal quase igual ao registrado na situa\u00e7\u00e3o mais cr\u00edtica da<\/p>\n","protected":false},"author":1,"featured_media":6232,"comment_status":"open","ping_status":"open","sticky":false,"template":"","format":"standard","meta":{"footnotes":""},"categories":[2],"tags":[],"class_list":["post-6231","post","type-post","status-publish","format-standard","has-post-thumbnail","hentry","category-noticias"],"_links":{"self":[{"href":"https:\/\/jornaloalvorada.com.br\/site\/wp-json\/wp\/v2\/posts\/6231","targetHints":{"allow":["GET"]}}],"collection":[{"href":"https:\/\/jornaloalvorada.com.br\/site\/wp-json\/wp\/v2\/posts"}],"about":[{"href":"https:\/\/jornaloalvorada.com.br\/site\/wp-json\/wp\/v2\/types\/post"}],"author":[{"embeddable":true,"href":"https:\/\/jornaloalvorada.com.br\/site\/wp-json\/wp\/v2\/users\/1"}],"replies":[{"embeddable":true,"href":"https:\/\/jornaloalvorada.com.br\/site\/wp-json\/wp\/v2\/comments?post=6231"}],"version-history":[{"count":1,"href":"https:\/\/jornaloalvorada.com.br\/site\/wp-json\/wp\/v2\/posts\/6231\/revisions"}],"predecessor-version":[{"id":6233,"href":"https:\/\/jornaloalvorada.com.br\/site\/wp-json\/wp\/v2\/posts\/6231\/revisions\/6233"}],"wp:featuredmedia":[{"embeddable":true,"href":"https:\/\/jornaloalvorada.com.br\/site\/wp-json\/wp\/v2\/media\/6232"}],"wp:attachment":[{"href":"https:\/\/jornaloalvorada.com.br\/site\/wp-json\/wp\/v2\/media?parent=6231"}],"wp:term":[{"taxonomy":"category","embeddable":true,"href":"https:\/\/jornaloalvorada.com.br\/site\/wp-json\/wp\/v2\/categories?post=6231"},{"taxonomy":"post_tag","embeddable":true,"href":"https:\/\/jornaloalvorada.com.br\/site\/wp-json\/wp\/v2\/tags?post=6231"}],"curies":[{"name":"wp","href":"https:\/\/api.w.org\/{rel}","templated":true}]}}