{"id":6224,"date":"2024-05-20T09:03:48","date_gmt":"2024-05-20T13:03:48","guid":{"rendered":"https:\/\/jornaloalvorada.com.br\/site\/?p=6224"},"modified":"2024-05-20T09:03:52","modified_gmt":"2024-05-20T13:03:52","slug":"segunda-feira-inicia-com-tempo-firme-e-temperaturas-amenas-no-estado","status":"publish","type":"post","link":"https:\/\/jornaloalvorada.com.br\/site\/2024\/05\/20\/segunda-feira-inicia-com-tempo-firme-e-temperaturas-amenas-no-estado\/","title":{"rendered":"Segunda-feira inicia com tempo firme e temperaturas amenas no Estado"},"content":{"rendered":"\n<p>A semana come\u00e7a em Mato Grosso do Sul com tempo firme e temperaturas amenas no Estado. A m\u00ednima ser\u00e1 entre 10\u00b0C e 15\u00b0C. O tempo segue est\u00e1vel, com sol.<\/p>\n\n\n\n<p>Segundo o Cemtec (Centro de Monitoramento do Tempo e do Clima de MS) as regi\u00f5es sul, sudeste e sudoeste ter\u00e3o m\u00ednima de 10\u00b0C e m\u00e1xima de 24\u00b0C. Na regi\u00e3o Pantaneira vai ficar entre 15\u00b0C e 26\u00b0C.<\/p>\n\n\n\n<p>Em Campo Grande a previs\u00e3o \u00e9 de m\u00ednima de 14\u00b0C e m\u00e1xima de 26\u00b0C. Nas regi\u00f5es norte, Leste e bols\u00e3o a varia\u00e7\u00e3o ser\u00e1 de 17\u00b0C e 31\u00b0C.<\/p>\n\n\n\n<p>Durante a semana as temperaturas v\u00e3o gradativamente aumentar, podendo chegar a 34\u00b0C no Estado, no entanto a partir de quinta-feira (24) vai ter mudan\u00e7a do tempo e uma nova frente fria vai chegar, podendo vir junto com chuvas e tempestades.<\/p>\n\n\n<div class=\"wp-block-image\">\n<figure class=\"aligncenter\"><a href=\"https:\/\/agenciadenoticias.ms.gov.br\/wp-content\/uploads\/2024\/05\/mapa-2005.jpg\"><img decoding=\"async\" src=\"https:\/\/agenciadenoticias.ms.gov.br\/wp-content\/uploads\/2024\/05\/mapa-2005-1024x724.jpg\" alt=\"\" class=\"wp-image-476699\"\/><\/a><\/figure>\n<\/div>\n\n\n<p><em>Leonardo Rocha, Comunica\u00e7\u00e3o do Governo de MS<\/em><br><em>Foto: Saul Schramm\/Arquivo<\/em><\/p>\n","protected":false},"excerpt":{"rendered":"<p>A semana come\u00e7a em Mato Grosso do Sul com tempo firme e temperaturas amenas no Estado. A m\u00ednima ser\u00e1 entre<\/p>\n","protected":false},"author":1,"featured_media":6225,"comment_status":"open","ping_status":"open","sticky":false,"template":"","format":"standard","meta":{"footnotes":""},"categories":[2],"tags":[],"class_list":["post-6224","post","type-post","status-publish","format-standard","has-post-thumbnail","hentry","category-noticias"],"_links":{"self":[{"href":"https:\/\/jornaloalvorada.com.br\/site\/wp-json\/wp\/v2\/posts\/6224","targetHints":{"allow":["GET"]}}],"collection":[{"href":"https:\/\/jornaloalvorada.com.br\/site\/wp-json\/wp\/v2\/posts"}],"about":[{"href":"https:\/\/jornaloalvorada.com.br\/site\/wp-json\/wp\/v2\/types\/post"}],"author":[{"embeddable":true,"href":"https:\/\/jornaloalvorada.com.br\/site\/wp-json\/wp\/v2\/users\/1"}],"replies":[{"embeddable":true,"href":"https:\/\/jornaloalvorada.com.br\/site\/wp-json\/wp\/v2\/comments?post=6224"}],"version-history":[{"count":1,"href":"https:\/\/jornaloalvorada.com.br\/site\/wp-json\/wp\/v2\/posts\/6224\/revisions"}],"predecessor-version":[{"id":6226,"href":"https:\/\/jornaloalvorada.com.br\/site\/wp-json\/wp\/v2\/posts\/6224\/revisions\/6226"}],"wp:featuredmedia":[{"embeddable":true,"href":"https:\/\/jornaloalvorada.com.br\/site\/wp-json\/wp\/v2\/media\/6225"}],"wp:attachment":[{"href":"https:\/\/jornaloalvorada.com.br\/site\/wp-json\/wp\/v2\/media?parent=6224"}],"wp:term":[{"taxonomy":"category","embeddable":true,"href":"https:\/\/jornaloalvorada.com.br\/site\/wp-json\/wp\/v2\/categories?post=6224"},{"taxonomy":"post_tag","embeddable":true,"href":"https:\/\/jornaloalvorada.com.br\/site\/wp-json\/wp\/v2\/tags?post=6224"}],"curies":[{"name":"wp","href":"https:\/\/api.w.org\/{rel}","templated":true}]}}