{"id":6218,"date":"2024-05-17T16:01:08","date_gmt":"2024-05-17T20:01:08","guid":{"rendered":"https:\/\/jornaloalvorada.com.br\/site\/?p=6218"},"modified":"2024-05-17T16:01:13","modified_gmt":"2024-05-17T20:01:13","slug":"eduardo-bolsonaro-pilota-jet-ski-no-rs-e-e-criticado-nas-redes","status":"publish","type":"post","link":"https:\/\/jornaloalvorada.com.br\/site\/2024\/05\/17\/eduardo-bolsonaro-pilota-jet-ski-no-rs-e-e-criticado-nas-redes\/","title":{"rendered":"Eduardo Bolsonaro pilota jet ski no RS e \u00e9 criticado nas redes"},"content":{"rendered":"\n<p>O deputado federal <a href=\"https:\/\/monitor.poder360.com.br\/politicos-do-brasil\/378949?ano=2022\" target=\"_blank\" rel=\"noreferrer noopener\">Eduardo Bolsonaro<\/a> (PL-SP) foi criticado nas redes sociais depois de <a href=\"https:\/\/x.com\/BolsonaroSP\/status\/1791281787097788645\" target=\"_blank\" rel=\"noreferrer noopener\">compartilhar<\/a> na 5\u00aa feira (16.mai.2024) v\u00eddeo andando de jet ski em Eldorado do Sul (RS). Internautas disseram que o congressista s\u00f3 foi ao Estado semanas depois do in\u00edcio das enchentes, em 29 de abril, para<em> \u201cpassear\u201d<\/em> e pedir <em>\u201clike\u201d<\/em> e o chamaram de <em>\u201csurfista de trag\u00e9dia\u201d<\/em>.<\/p>\n\n\n\n<p>O filho 03 do ex-presidente <a href=\"https:\/\/monitor.poder360.com.br\/politicos-do-brasil\/630212?ano=2022&amp;l=y\" target=\"_blank\" rel=\"noreferrer noopener\">Jair Bolsonaro<\/a> (PL) <a href=\"https:\/\/www.poder360.com.br\/congresso\/oposicao-vai-a-sessao-no-congresso-dos-eua-sobre-censura-no-brasil\/\" target=\"_blank\" rel=\"noreferrer noopener\">estava<\/a> nos Estados Unidos junto de 8 congressistas da oposi\u00e7\u00e3o para acompanhar a sess\u00e3o da Comiss\u00e3o de Assuntos Exteriores da C\u00e2mara dos Deputados norte-americana que tinha como tema \u201cBrasil: a crise da democracia, liberdade, e do Estado de Direito?\u201d. Eles viajaram para o pa\u00eds em 7 de maio, quando o Rio Grande do Sul j\u00e1 enfrentava as consequ\u00eancias das enchentes havia pelo menos uma semana.<\/p>\n\n\n\n<p>Na publica\u00e7\u00e3o de Eduardo, ele disse que o v\u00eddeo \u00e9 uma pr\u00e9via do que viu no Rio Grande do Sul e que em breve mostrar\u00e1 uma <em>\u201crealidade mais profunda\u201d<\/em>. O deputado declarou: <em>\u201cAinda que me acusem de fake news, seguirei mostrando a verdade. Voc\u00ea que decide se vai acreditar nos seus olhos ou naquela grande imprensa\u201d.<\/em><\/p>\n\n\n\n<p>Leia as cr\u00edticas:<\/p>\n\n\n\n<figure class=\"wp-block-image\"><img decoding=\"async\" src=\"https:\/\/static.poder360.com.br\/2024\/05\/eduardo-bolsonaro-meme-jet-ski-rs.png\" alt=\"Meme Eduardo Bolsonaro no Rio Grande do Sul\"\/><\/figure>\n\n\n\n<figure class=\"wp-block-image\"><img decoding=\"async\" src=\"https:\/\/static.poder360.com.br\/2024\/05\/eduardo-bolsonaro-barrichello-criticas-rs-jet-ski.png\" alt=\"Eduardo Bolsonaro criticado por andar de jet ski no Rio Grande do Sul\"\/><\/figure>\n\n\n\n<figure class=\"wp-block-image\"><img decoding=\"async\" src=\"https:\/\/static.poder360.com.br\/2024\/05\/criticas-eduardo-bolsonaro-jet-ski-rs.png\" alt=\"Eduardo Bolsonaro foi criticado por demora a ir ao Rio Grande do Sul\"\/><\/figure>\n\n\n\n<p><strong><em>Fonte: Poder360<\/em><\/strong><\/p>\n","protected":false},"excerpt":{"rendered":"<p>O deputado federal Eduardo Bolsonaro (PL-SP) foi criticado nas redes sociais depois de compartilhar na 5\u00aa feira (16.mai.2024) v\u00eddeo andando<\/p>\n","protected":false},"author":1,"featured_media":6219,"comment_status":"open","ping_status":"open","sticky":false,"template":"","format":"standard","meta":{"footnotes":""},"categories":[2],"tags":[],"class_list":["post-6218","post","type-post","status-publish","format-standard","has-post-thumbnail","hentry","category-noticias"],"_links":{"self":[{"href":"https:\/\/jornaloalvorada.com.br\/site\/wp-json\/wp\/v2\/posts\/6218","targetHints":{"allow":["GET"]}}],"collection":[{"href":"https:\/\/jornaloalvorada.com.br\/site\/wp-json\/wp\/v2\/posts"}],"about":[{"href":"https:\/\/jornaloalvorada.com.br\/site\/wp-json\/wp\/v2\/types\/post"}],"author":[{"embeddable":true,"href":"https:\/\/jornaloalvorada.com.br\/site\/wp-json\/wp\/v2\/users\/1"}],"replies":[{"embeddable":true,"href":"https:\/\/jornaloalvorada.com.br\/site\/wp-json\/wp\/v2\/comments?post=6218"}],"version-history":[{"count":1,"href":"https:\/\/jornaloalvorada.com.br\/site\/wp-json\/wp\/v2\/posts\/6218\/revisions"}],"predecessor-version":[{"id":6220,"href":"https:\/\/jornaloalvorada.com.br\/site\/wp-json\/wp\/v2\/posts\/6218\/revisions\/6220"}],"wp:featuredmedia":[{"embeddable":true,"href":"https:\/\/jornaloalvorada.com.br\/site\/wp-json\/wp\/v2\/media\/6219"}],"wp:attachment":[{"href":"https:\/\/jornaloalvorada.com.br\/site\/wp-json\/wp\/v2\/media?parent=6218"}],"wp:term":[{"taxonomy":"category","embeddable":true,"href":"https:\/\/jornaloalvorada.com.br\/site\/wp-json\/wp\/v2\/categories?post=6218"},{"taxonomy":"post_tag","embeddable":true,"href":"https:\/\/jornaloalvorada.com.br\/site\/wp-json\/wp\/v2\/tags?post=6218"}],"curies":[{"name":"wp","href":"https:\/\/api.w.org\/{rel}","templated":true}]}}