{"id":6211,"date":"2024-05-17T08:48:36","date_gmt":"2024-05-17T12:48:36","guid":{"rendered":"https:\/\/jornaloalvorada.com.br\/site\/?p=6211"},"modified":"2024-05-17T08:48:39","modified_gmt":"2024-05-17T12:48:39","slug":"com-dia-ensolarado-ms-registra-sexta-com-tempo-firme-e-variacao-de-nebulosidade","status":"publish","type":"post","link":"https:\/\/jornaloalvorada.com.br\/site\/2024\/05\/17\/com-dia-ensolarado-ms-registra-sexta-com-tempo-firme-e-variacao-de-nebulosidade\/","title":{"rendered":"Com dia ensolarado, MS registra sexta com tempo firme e varia\u00e7\u00e3o de nebulosidade"},"content":{"rendered":"\n<p>A previs\u00e3o para esta sexta-feira (17) indica tempo firme, com sol e varia\u00e7\u00e3o de nebulosidade. Al\u00e9m disso, de acordo com o Cemtec (Centro de Monitoramento do Tempo e do Clima), existe ainda a possibilidade de pancadas de chuvas e tempestades isoladas principalmente nas regi\u00f5es sudoeste, sul, leste e sudeste do Estado.<\/p>\n\n\n\n<p>Tais instabilidades podem ocorrer principalmente entre sexta e s\u00e1bado (18) devido a aproxima\u00e7\u00e3o de uma frente fria aliada ao intenso transporte de calor e umidade. &#8220;Os ventos atuam do quadrante norte com valores entre 30-50 km\/h e, pontualmente, podem ocorrer rajadas de vento acima de 50 km\/h&#8221;, completa o \u00f3rg\u00e3o.<\/p>\n\n\n\n<p>Em Campo Grande, a m\u00ednima prevista \u00e9 de 21\u00b0C, enquanto a m\u00e1xima pode chegar aos 31\u00b0C. Os term\u00f4metros em Dourados marcam 19\u00b0C inicialmente, com m\u00e1xima semelhante \u00e0 Capital. Na regi\u00e3o sul, Ponta Por\u00e3 e Iguatemi amanhecem com 19\u00b0C, atingindo 27\u00b0C e 30\u00b0C, respectivamente.<\/p>\n\n\n\n<p>No Bols\u00e3o, os valores em Parna\u00edba variam entre 18\u00b0C e 32\u00b0C, j\u00e1 Tr\u00eas Lagoas tem m\u00ednima de 21\u00b0C e m\u00e1xima de 35\u00baC. No munic\u00edpio de Coxim, na regi\u00e3o norte, as temperaturas iniciam aos 19\u00b0C, chegando aos 32\u00b0C nos hor\u00e1rios mais quentes do dia.<\/p>\n\n\n\n<p>No Pantanal, a m\u00ednima em Corumb\u00e1 \u00e9 de 21\u00b0C, j\u00e1 a m\u00e1xima atinge 30\u00b0C; em Aquidauana, na mesma regi\u00e3o, os valores variam entre 20\u00b0C e 31\u00b0C. Porto Murtinho, no sudoeste do Estado, registra 17\u00baC pela manh\u00e3 e 27\u00baC \u00e0 tarde.<\/p>\n\n\n\n<figure class=\"wp-block-image\"><a href=\"https:\/\/agenciadenoticias.ms.gov.br\/wp-content\/uploads\/2024\/05\/Mapa-Previsao-17-05-24.jpeg\"><img decoding=\"async\" src=\"https:\/\/agenciadenoticias.ms.gov.br\/wp-content\/uploads\/2024\/05\/Mapa-Previsao-17-05-24-1024x724.jpeg\" alt=\"\"\/><\/a><\/figure>\n\n\n\n<p><em>Heloisa Duim, do Programa de Est\u00e1gio Supervisionado<\/em><br><em>Foto: \u00c1lvaro Rezende<\/em><\/p>\n","protected":false},"excerpt":{"rendered":"<p>A previs\u00e3o para esta sexta-feira (17) indica tempo firme, com sol e varia\u00e7\u00e3o de nebulosidade. Al\u00e9m disso, de acordo com<\/p>\n","protected":false},"author":1,"featured_media":6212,"comment_status":"open","ping_status":"open","sticky":false,"template":"","format":"standard","meta":{"footnotes":""},"categories":[2],"tags":[],"class_list":["post-6211","post","type-post","status-publish","format-standard","has-post-thumbnail","hentry","category-noticias"],"_links":{"self":[{"href":"https:\/\/jornaloalvorada.com.br\/site\/wp-json\/wp\/v2\/posts\/6211","targetHints":{"allow":["GET"]}}],"collection":[{"href":"https:\/\/jornaloalvorada.com.br\/site\/wp-json\/wp\/v2\/posts"}],"about":[{"href":"https:\/\/jornaloalvorada.com.br\/site\/wp-json\/wp\/v2\/types\/post"}],"author":[{"embeddable":true,"href":"https:\/\/jornaloalvorada.com.br\/site\/wp-json\/wp\/v2\/users\/1"}],"replies":[{"embeddable":true,"href":"https:\/\/jornaloalvorada.com.br\/site\/wp-json\/wp\/v2\/comments?post=6211"}],"version-history":[{"count":1,"href":"https:\/\/jornaloalvorada.com.br\/site\/wp-json\/wp\/v2\/posts\/6211\/revisions"}],"predecessor-version":[{"id":6213,"href":"https:\/\/jornaloalvorada.com.br\/site\/wp-json\/wp\/v2\/posts\/6211\/revisions\/6213"}],"wp:featuredmedia":[{"embeddable":true,"href":"https:\/\/jornaloalvorada.com.br\/site\/wp-json\/wp\/v2\/media\/6212"}],"wp:attachment":[{"href":"https:\/\/jornaloalvorada.com.br\/site\/wp-json\/wp\/v2\/media?parent=6211"}],"wp:term":[{"taxonomy":"category","embeddable":true,"href":"https:\/\/jornaloalvorada.com.br\/site\/wp-json\/wp\/v2\/categories?post=6211"},{"taxonomy":"post_tag","embeddable":true,"href":"https:\/\/jornaloalvorada.com.br\/site\/wp-json\/wp\/v2\/tags?post=6211"}],"curies":[{"name":"wp","href":"https:\/\/api.w.org\/{rel}","templated":true}]}}