{"id":6197,"date":"2024-05-16T13:40:59","date_gmt":"2024-05-16T17:40:59","guid":{"rendered":"https:\/\/jornaloalvorada.com.br\/site\/?p=6197"},"modified":"2024-05-16T13:41:50","modified_gmt":"2024-05-16T17:41:50","slug":"aniversario-do-prefeito-jose-paleari","status":"publish","type":"post","link":"https:\/\/jornaloalvorada.com.br\/site\/2024\/05\/16\/aniversario-do-prefeito-jose-paleari\/","title":{"rendered":"Anivers\u00e1rio do prefeito Jos\u00e9 Paleari"},"content":{"rendered":"\n<p>Neste dia t\u00e3o especial, desejamos ao Prefeito Jos\u00e9 Paulo Paleari muita sa\u00fade, felicidade, paz e harmonia. Que Deus continue aben\u00e7oando sua vida e sua fam\u00edlia com abundantes gra\u00e7as.<\/p>\n\n\n\n<p>Feliz Anivers\u00e1rio Paleari, s\u00e3o os votos de todos os servidores p\u00fablicos e de toda popula\u00e7\u00e3o sul novaalvoradense! <img loading=\"lazy\" decoding=\"async\" alt=\"\ud83d\udc99\" src=\"https:\/\/static.xx.fbcdn.net\/images\/emoji.php\/v9\/t6c\/1\/16\/1f499.png\" width=\"16\" height=\"16\"><\/p>\n","protected":false},"excerpt":{"rendered":"<p>Neste dia t\u00e3o especial, desejamos ao Prefeito Jos\u00e9 Paulo Paleari muita sa\u00fade, felicidade, paz e harmonia. Que Deus continue aben\u00e7oando<\/p>\n","protected":false},"author":1,"featured_media":6198,"comment_status":"open","ping_status":"open","sticky":false,"template":"","format":"standard","meta":{"footnotes":""},"categories":[3],"tags":[],"class_list":["post-6197","post","type-post","status-publish","format-standard","has-post-thumbnail","hentry","category-social"],"_links":{"self":[{"href":"https:\/\/jornaloalvorada.com.br\/site\/wp-json\/wp\/v2\/posts\/6197","targetHints":{"allow":["GET"]}}],"collection":[{"href":"https:\/\/jornaloalvorada.com.br\/site\/wp-json\/wp\/v2\/posts"}],"about":[{"href":"https:\/\/jornaloalvorada.com.br\/site\/wp-json\/wp\/v2\/types\/post"}],"author":[{"embeddable":true,"href":"https:\/\/jornaloalvorada.com.br\/site\/wp-json\/wp\/v2\/users\/1"}],"replies":[{"embeddable":true,"href":"https:\/\/jornaloalvorada.com.br\/site\/wp-json\/wp\/v2\/comments?post=6197"}],"version-history":[{"count":1,"href":"https:\/\/jornaloalvorada.com.br\/site\/wp-json\/wp\/v2\/posts\/6197\/revisions"}],"predecessor-version":[{"id":6199,"href":"https:\/\/jornaloalvorada.com.br\/site\/wp-json\/wp\/v2\/posts\/6197\/revisions\/6199"}],"wp:featuredmedia":[{"embeddable":true,"href":"https:\/\/jornaloalvorada.com.br\/site\/wp-json\/wp\/v2\/media\/6198"}],"wp:attachment":[{"href":"https:\/\/jornaloalvorada.com.br\/site\/wp-json\/wp\/v2\/media?parent=6197"}],"wp:term":[{"taxonomy":"category","embeddable":true,"href":"https:\/\/jornaloalvorada.com.br\/site\/wp-json\/wp\/v2\/categories?post=6197"},{"taxonomy":"post_tag","embeddable":true,"href":"https:\/\/jornaloalvorada.com.br\/site\/wp-json\/wp\/v2\/tags?post=6197"}],"curies":[{"name":"wp","href":"https:\/\/api.w.org\/{rel}","templated":true}]}}